{"id":9309,"date":"2026-04-27T13:26:17","date_gmt":"2026-04-27T13:26:17","guid":{"rendered":"https:\/\/evolutioneurope.eu\/?p=9309"},"modified":"2026-04-27T15:12:31","modified_gmt":"2026-04-27T15:12:31","slug":"mercedes-victoria-vuelve-a-evolution-europe-como-en-casa","status":"publish","type":"post","link":"https:\/\/evolutioneurope.eu\/es\/blog\/mercedes-victoria-vuelve-a-evolution-europe-como-en-casa\/","title":{"rendered":"Mercedes Victoria vuelve a Evolution Europe: como en casa"},"content":{"rendered":"<h4><span class=\"sk-typo-mod-color-two\">Un reencuentro esperado<\/span><\/h4>\n<p>Hay regresos que tienen algo especial. No solo por lo que significan a nivel profesional, sino tambi\u00e9n por todo lo que reflejan sobre una empresa, su cultura y las personas que la forman. El regreso de Mercedes Victoria a Evolution Europe es uno de ellos.<\/p>\n<p>Hoy celebramos el regreso de Mercedes Victoria, Grant Manager con a\u00f1os de experiencia en financiaci\u00f3n europea y nacional, que vuelve a nuestro equipo tras dos a\u00f1os de nuevos retos, proyectos de gran envergadura y un crecimiento profesional que ahora pone al servicio de nuestros clientes.<\/p>\n<p>Nos sentamos con ella para hablar de su reencuentro con Evolution Europe, de las habilidades y perspectivas que trae consigo, y de por qu\u00e9, a veces, para valorar lo que tenemos, hay que haberlo dejado atr\u00e1s.<\/p>\n<p>Hay regresos que se planifican con meses de antelaci\u00f3n. Y luego hay los que simplemente se alinean. El de Mercedes pertenece claramente a la segunda categor\u00eda: maternidad, reflexi\u00f3n, una llamada en el momento justo y la certeza de que hab\u00eda algo en Evolution que ninguna otra empresa le hab\u00eda podido dar.<\/p>\n<p>Si tuvi\u00e9ramos que resumirlo en una sola palabra, ella ya la tiene clara: <em><strong>ilusi\u00f3n<\/strong><\/em>.<\/p>\n<p>&nbsp;<\/p>\n<h5><span class=\"sk-typo-mod-color-four\"><strong>1. El Reencuentro<\/strong><\/span><\/h5>\n<h6><strong><span class=\"sk-typo-mod-color-primary\">Si tuvieras que definir tu regreso en una sola palabra, \u00bfcu\u00e1l ser\u00eda?<\/span><\/strong><\/h6>\n<p>\u201cIlusi\u00f3n.\u201d<\/p>\n<h6><strong><span class=\"sk-typo-mod-color-primary\">\u00bfQu\u00e9 es lo primero que pensaste al cruzar la puerta de la oficina en tu primer d\u00eda de esta segunda etapa?<\/span><\/strong><\/h6>\n<p>\u201cQue a pesar del tiempo pasado, me sent\u00eda como en casa.\u201d<\/p>\n<h6><strong><span class=\"sk-typo-mod-color-primary\">De todas las cosas que dejaste aqu\u00ed la \u00faltima vez, \u00bfcu\u00e1l es la que m\u00e1s has echado de menos? <\/span><\/strong><\/h6>\n<p>\u201c\u00a1Los compa\u00f1eros, sin duda! (Aunque, como an\u00e9cdota, os dir\u00e9 que tenemos un chat de WhatsApp que se llama \u201cEvolution Grants\u201d en el que he permanecido estos dos a\u00f1os Jeje)\u201d<\/p>\n<p>&nbsp;<\/p>\n<h5><span class=\"sk-typo-mod-color-four\"><strong>2. El Viaje<\/strong><\/span><\/h5>\n<h6><strong><span class=\"sk-typo-mod-color-primary\">Durante este tiempo fuera, \u00bfqu\u00e9 nuevas habilidades o perspectivas traes que creas que van a sumar al equipo hoy?<\/span><\/strong><\/h6>\n<p>\u201cPor un lado, en mi rol en la anterior empresa, tuve la oportunidad de participar en todas las etapas del ciclo de vida del cliente: la venta, firma de contrato, ejecuci\u00f3n, facturaci\u00f3n\u2026 Esto me ha dado una visi\u00f3n m\u00e1s global de los distintos retos que aparecen en este negocio. Por otro lado, he trabajado en convocatorias de subvenciones en las que no hab\u00eda trabajado nunca \u2013 tanto europeas como nacionales \u2013 algunas muy complejas y para proyectos de gran envergadura. Esta experiencia me ha hecho m\u00e1s &#8216;valiente&#8217; a la hora de afrontar nuevos retos y me ha dado una visi\u00f3n m\u00e1s amplia del ecosistema.\u201d<\/p>\n<h6><strong><span class=\"sk-typo-mod-color-primary\">\u00bfHubo alg\u00fan momento espec\u00edfico en el que pensaste: \u201cOjal\u00e1 en mi actual empresa hici\u00e9ramos las cosas como las hac\u00edamos en Evolution\u201d?<\/span><\/strong><\/h6>\n<p>\u201cS\u00ed. En Evolution tenemos un equipo muy colaborativo, de personas con mucha experiencia. Eso hace que hagamos mucha transferencia de conocimiento entre nosotros. Por ejemplo, tras cada deadline, nos sentamos a intercambiar experiencias y aprendizajes para ver c\u00f3mo mejorar. Sin embargo, en la anterior empresa el equipo era muy nuevo y muy piramidal, as\u00ed que and\u00e1bamos a\u00fan muy lejos de llegar al punto de establecer estas din\u00e1micas.\u201d<\/p>\n<p>&nbsp;<\/p>\n<h5><span class=\"sk-typo-mod-color-four\"><strong>3. El Motivo: \u00bfpor qu\u00e9 volver?<\/strong><\/span><\/h5>\n<h6><span class=\"sk-typo-mod-color-primary\"><strong>\u00bfQu\u00e9 fue lo que te hizo decir \u201ces el momento de volver\u201d?<\/strong><\/span><\/h6>\n<p>\u201cFueron varios factores. Por un lado, el tipo de clientes y de proyectos (grandes empresas y proyectos m\u00e1s industriales) hac\u00eda que los proyectos, aunque muy retadores, no fueran tan bonitos como los que llevamos aqu\u00ed en Evolution (start-ups con innovaciones muy punteras). Y reflexionando sobre todo esto durante la baja de maternidad de mi tercera hija, apareci\u00f3 V\u00edctor y me dijo que el puesto que dej\u00e9 en Evolution se hab\u00eda quedado disponible\u2026 \u00a1Se alinearon los astros!\u201d<\/p>\n<h6><span class=\"sk-typo-mod-color-primary\"><strong>\u00bfQu\u00e9 es lo que m\u00e1s te ilusiona de este nuevo cap\u00edtulo con nosotros?<\/strong><\/span><\/h6>\n<p>\u201cMe ilusiona volver a trabajar con start-ups de toda Europa que est\u00e1n desarrollando tecnolog\u00edas muy disruptivas, y poner un granito de arena en su camino hacia el mercado, donde pueden tener un gran impacto.\u201d<\/p>\n<p>&nbsp;<\/p>\n<h5><span class=\"sk-typo-mod-color-four\"><strong>4. El Mensaje para <a href=\"https:\/\/evolutioneurope.eu\/es\/nuestra-empresa\/\" target=\"_blank\" rel=\"noopener\">los compa\u00f1eros<\/a><\/strong><\/span><\/h5>\n<h6><span class=\"sk-typo-mod-color-primary\"><strong>Para los que llevan aqu\u00ed mucho tiempo: \u00bfqu\u00e9 les dir\u00edas para que valoren a\u00fan m\u00e1s lo que tenemos en casa?<\/strong><\/span><\/h6>\n<p>\u201cLa consultor\u00eda es un negocio de personas, vendemos conocimiento. Y el conocimiento conjunto que tenemos en Evolution es probablemente de los m\u00e1s elevados del mercado \u2013 y as\u00ed nos lo tenemos que creer. No muchas empresas acumulan los a\u00f1os de experiencia en el sector que tenemos aqu\u00ed, y ni mucho menos el nivel de compa\u00f1erismo, que es uno de los grandes valores de Evolution.\u201d<\/p>\n<p>&nbsp;<\/p>\n<p>El regreso de Mercedes no es solo una buena noticia para el equipo,\u00a0 es un reflejo de lo que Evolution representa como organizaci\u00f3n. Un entorno donde el conocimiento se comparte, la experiencia se acumula y las personas eligen volver. Porque hay lugares a los que una vuelve sabiendo que puede seguir creciendo. Y hay equipos que, simplemente, se siguen sintiendo como casa.<\/p>\n<p>En un sector tan especializado como el de la financiaci\u00f3n de la innovaci\u00f3n, la retenci\u00f3n y el retorno del talento son indicadores de algo m\u00e1s profundo: una cultura que funciona. Y eso, en Evolution Europe, no es casualidad.<\/p>\n<p>Bienvenida de vuelta, Mercedes.<\/p>\n<p><a class=\"sk-btn\" href=\"https:\/\/evolutioneurope.eu\/es\/nuestra-empresa\/\" target=\"_blank\" rel=\"noopener\">Lee m\u00e1s sobre los valores de nuestra empresa y nuestro equipo aqu\u00ed<\/a><\/p>\n<p>&nbsp;<\/p>\n","protected":false},"excerpt":{"rendered":"<p>Un reencuentro esperado Hay regresos que tienen algo especial. No solo por lo que significan a nivel profesional, sino tambi\u00e9n por todo lo que reflejan sobre una empresa, su cultura y las personas que la forman. El regreso de Mercedes Victoria a Evolution Europe es uno de ellos. Hoy celebramos el regreso de Mercedes Victoria, [&hellip;]<\/p>\n","protected":false},"author":11,"featured_media":9310,"comment_status":"closed","ping_status":"closed","sticky":false,"template":"","format":"standard","meta":{"_acf_changed":false,"footnotes":""},"categories":[76],"tags":[],"class_list":["post-9309","post","type-post","status-publish","format-standard","has-post-thumbnail","hentry","category-blog-nosotros"],"acf":[],"yoast_head":"<!-- This site is optimized with the Yoast SEO Premium plugin v27.3 (Yoast SEO v27.3) - https:\/\/yoast.com\/product\/yoast-seo-premium-wordpress\/ -->\n<title>Mercedes Victoria vuelve a Evolution Europe: como en casa - evolution-europe<\/title>\n<meta name=\"description\" content=\"Mercedes Victoria vuelve a Evolution Europe como Grant Manager, aportando experiencia en financiaci\u00f3n europea y talento al equipo.\" \/>\n<meta name=\"robots\" content=\"index, follow, max-snippet:-1, max-image-preview:large, max-video-preview:-1\" \/>\n<link rel=\"canonical\" href=\"https:\/\/evolutioneurope.eu\/es\/blog\/mercedes-victoria-vuelve-a-evolution-europe-como-en-casa\/\" \/>\n<meta property=\"og:locale\" content=\"es_ES\" \/>\n<meta property=\"og:type\" content=\"article\" \/>\n<meta property=\"og:title\" content=\"Mercedes Victoria vuelve a Evolution Europe: como en casa\" \/>\n<meta property=\"og:description\" content=\"Mercedes Victoria vuelve a Evolution Europe como Grant Manager, aportando experiencia en financiaci\u00f3n europea y talento al equipo.\" \/>\n<meta property=\"og:url\" content=\"https:\/\/evolutioneurope.eu\/es\/blog\/mercedes-victoria-vuelve-a-evolution-europe-como-en-casa\/\" \/>\n<meta property=\"og:site_name\" content=\"evolution-europe\" \/>\n<meta property=\"article:published_time\" content=\"2026-04-27T13:26:17+00:00\" \/>\n<meta property=\"article:modified_time\" content=\"2026-04-27T15:12:31+00:00\" \/>\n<meta property=\"og:image\" content=\"https:\/\/evolutioneurope.eu\/wp-content\/uploads\/2026\/04\/1000080687-scaled.jpg\" \/>\n\t<meta property=\"og:image:width\" content=\"1920\" \/>\n\t<meta property=\"og:image:height\" content=\"2560\" \/>\n\t<meta property=\"og:image:type\" content=\"image\/jpeg\" \/>\n<meta name=\"author\" content=\"Daniela Villanueva\" \/>\n<meta name=\"twitter:card\" content=\"summary_large_image\" \/>\n<meta name=\"twitter:label1\" content=\"Written by\" \/>\n\t<meta name=\"twitter:data1\" content=\"Daniela Villanueva\" \/>\n\t<meta name=\"twitter:label2\" content=\"Est. reading time\" \/>\n\t<meta name=\"twitter:data2\" content=\"4 minutes\" \/>\n<script type=\"application\/ld+json\" class=\"yoast-schema-graph\">{\"@context\":\"https:\\\/\\\/schema.org\",\"@graph\":[{\"@type\":\"Article\",\"@id\":\"https:\\\/\\\/evolutioneurope.eu\\\/es\\\/blog\\\/mercedes-victoria-vuelve-a-evolution-europe-como-en-casa\\\/#article\",\"isPartOf\":{\"@id\":\"https:\\\/\\\/evolutioneurope.eu\\\/es\\\/blog\\\/mercedes-victoria-vuelve-a-evolution-europe-como-en-casa\\\/\"},\"author\":{\"name\":\"Daniela Villanueva\",\"@id\":\"https:\\\/\\\/evolutioneurope.eu\\\/es\\\/#\\\/schema\\\/person\\\/3f3188b3d2e0f0aa732fe58296bc1e22\"},\"headline\":\"Mercedes Victoria vuelve a Evolution Europe: como en casa\",\"datePublished\":\"2026-04-27T13:26:17+00:00\",\"dateModified\":\"2026-04-27T15:12:31+00:00\",\"mainEntityOfPage\":{\"@id\":\"https:\\\/\\\/evolutioneurope.eu\\\/es\\\/blog\\\/mercedes-victoria-vuelve-a-evolution-europe-como-en-casa\\\/\"},\"wordCount\":919,\"publisher\":{\"@id\":\"https:\\\/\\\/evolutioneurope.eu\\\/es\\\/#organization\"},\"image\":{\"@id\":\"https:\\\/\\\/evolutioneurope.eu\\\/es\\\/blog\\\/mercedes-victoria-vuelve-a-evolution-europe-como-en-casa\\\/#primaryimage\"},\"thumbnailUrl\":\"https:\\\/\\\/evolutioneurope.eu\\\/wp-content\\\/uploads\\\/2026\\\/04\\\/1000080687-scaled.jpg\",\"articleSection\":[\"Nosotros\"],\"inLanguage\":\"es\"},{\"@type\":\"WebPage\",\"@id\":\"https:\\\/\\\/evolutioneurope.eu\\\/es\\\/blog\\\/mercedes-victoria-vuelve-a-evolution-europe-como-en-casa\\\/\",\"url\":\"https:\\\/\\\/evolutioneurope.eu\\\/es\\\/blog\\\/mercedes-victoria-vuelve-a-evolution-europe-como-en-casa\\\/\",\"name\":\"Mercedes Victoria vuelve a Evolution Europe: como en casa - evolution-europe\",\"isPartOf\":{\"@id\":\"https:\\\/\\\/evolutioneurope.eu\\\/es\\\/#website\"},\"primaryImageOfPage\":{\"@id\":\"https:\\\/\\\/evolutioneurope.eu\\\/es\\\/blog\\\/mercedes-victoria-vuelve-a-evolution-europe-como-en-casa\\\/#primaryimage\"},\"image\":{\"@id\":\"https:\\\/\\\/evolutioneurope.eu\\\/es\\\/blog\\\/mercedes-victoria-vuelve-a-evolution-europe-como-en-casa\\\/#primaryimage\"},\"thumbnailUrl\":\"https:\\\/\\\/evolutioneurope.eu\\\/wp-content\\\/uploads\\\/2026\\\/04\\\/1000080687-scaled.jpg\",\"datePublished\":\"2026-04-27T13:26:17+00:00\",\"dateModified\":\"2026-04-27T15:12:31+00:00\",\"description\":\"Mercedes Victoria vuelve a Evolution Europe como Grant Manager, aportando experiencia en financiaci\u00f3n europea y talento al equipo.\",\"breadcrumb\":{\"@id\":\"https:\\\/\\\/evolutioneurope.eu\\\/es\\\/blog\\\/mercedes-victoria-vuelve-a-evolution-europe-como-en-casa\\\/#breadcrumb\"},\"inLanguage\":\"es\",\"potentialAction\":[{\"@type\":\"ReadAction\",\"target\":[\"https:\\\/\\\/evolutioneurope.eu\\\/es\\\/blog\\\/mercedes-victoria-vuelve-a-evolution-europe-como-en-casa\\\/\"]}]},{\"@type\":\"ImageObject\",\"inLanguage\":\"es\",\"@id\":\"https:\\\/\\\/evolutioneurope.eu\\\/es\\\/blog\\\/mercedes-victoria-vuelve-a-evolution-europe-como-en-casa\\\/#primaryimage\",\"url\":\"https:\\\/\\\/evolutioneurope.eu\\\/wp-content\\\/uploads\\\/2026\\\/04\\\/1000080687-scaled.jpg\",\"contentUrl\":\"https:\\\/\\\/evolutioneurope.eu\\\/wp-content\\\/uploads\\\/2026\\\/04\\\/1000080687-scaled.jpg\",\"width\":1920,\"height\":2560,\"caption\":\"Equipo de Evolution Europe en oficina colaborando en proyectos de financiaci\u00f3n europea\"},{\"@type\":\"BreadcrumbList\",\"@id\":\"https:\\\/\\\/evolutioneurope.eu\\\/es\\\/blog\\\/mercedes-victoria-vuelve-a-evolution-europe-como-en-casa\\\/#breadcrumb\",\"itemListElement\":[{\"@type\":\"ListItem\",\"position\":1,\"name\":\"Home\",\"item\":\"https:\\\/\\\/evolutioneurope.eu\\\/es\\\/\"},{\"@type\":\"ListItem\",\"position\":2,\"name\":\"Mercedes Victoria vuelve a Evolution Europe: como en casa\"}]},{\"@type\":\"WebSite\",\"@id\":\"https:\\\/\\\/evolutioneurope.eu\\\/es\\\/#website\",\"url\":\"https:\\\/\\\/evolutioneurope.eu\\\/es\\\/\",\"name\":\"evolution-europe\",\"description\":\"\",\"publisher\":{\"@id\":\"https:\\\/\\\/evolutioneurope.eu\\\/es\\\/#organization\"},\"potentialAction\":[{\"@type\":\"SearchAction\",\"target\":{\"@type\":\"EntryPoint\",\"urlTemplate\":\"https:\\\/\\\/evolutioneurope.eu\\\/es\\\/?s={search_term_string}\"},\"query-input\":{\"@type\":\"PropertyValueSpecification\",\"valueRequired\":true,\"valueName\":\"search_term_string\"}}],\"inLanguage\":\"es\"},{\"@type\":\"Organization\",\"@id\":\"https:\\\/\\\/evolutioneurope.eu\\\/es\\\/#organization\",\"name\":\"Evolution Europe\",\"url\":\"https:\\\/\\\/evolutioneurope.eu\\\/es\\\/\",\"logo\":{\"@type\":\"ImageObject\",\"inLanguage\":\"es\",\"@id\":\"https:\\\/\\\/evolutioneurope.eu\\\/es\\\/#\\\/schema\\\/logo\\\/image\\\/\",\"url\":\"https:\\\/\\\/evolutioneurope.eu\\\/wp-content\\\/uploads\\\/2026\\\/04\\\/social-share-image-2000x1600-1.jpg\",\"contentUrl\":\"https:\\\/\\\/evolutioneurope.eu\\\/wp-content\\\/uploads\\\/2026\\\/04\\\/social-share-image-2000x1600-1.jpg\",\"width\":2000,\"height\":1600,\"caption\":\"Evolution Europe\"},\"image\":{\"@id\":\"https:\\\/\\\/evolutioneurope.eu\\\/es\\\/#\\\/schema\\\/logo\\\/image\\\/\"}},{\"@type\":\"Person\",\"@id\":\"https:\\\/\\\/evolutioneurope.eu\\\/es\\\/#\\\/schema\\\/person\\\/3f3188b3d2e0f0aa732fe58296bc1e22\",\"name\":\"Daniela Villanueva\",\"image\":{\"@type\":\"ImageObject\",\"inLanguage\":\"es\",\"@id\":\"https:\\\/\\\/secure.gravatar.com\\\/avatar\\\/30f460e50f697b5b03a3cc064a404ff5a51c1cc789439e54834c4178d17f17a6?s=96&d=mm&r=g\",\"url\":\"https:\\\/\\\/secure.gravatar.com\\\/avatar\\\/30f460e50f697b5b03a3cc064a404ff5a51c1cc789439e54834c4178d17f17a6?s=96&d=mm&r=g\",\"contentUrl\":\"https:\\\/\\\/secure.gravatar.com\\\/avatar\\\/30f460e50f697b5b03a3cc064a404ff5a51c1cc789439e54834c4178d17f17a6?s=96&d=mm&r=g\",\"caption\":\"Daniela Villanueva\"}}]}<\/script>\n<!-- \/ Yoast SEO Premium plugin. -->","yoast_head_json":{"title":"Mercedes Victoria vuelve a Evolution Europe: como en casa - evolution-europe","description":"Mercedes Victoria vuelve a Evolution Europe como Grant Manager, aportando experiencia en financiaci\u00f3n europea y talento al equipo.","robots":{"index":"index","follow":"follow","max-snippet":"max-snippet:-1","max-image-preview":"max-image-preview:large","max-video-preview":"max-video-preview:-1"},"canonical":"https:\/\/evolutioneurope.eu\/es\/blog\/mercedes-victoria-vuelve-a-evolution-europe-como-en-casa\/","og_locale":"es_ES","og_type":"article","og_title":"Mercedes Victoria vuelve a Evolution Europe: como en casa","og_description":"Mercedes Victoria vuelve a Evolution Europe como Grant Manager, aportando experiencia en financiaci\u00f3n europea y talento al equipo.","og_url":"https:\/\/evolutioneurope.eu\/es\/blog\/mercedes-victoria-vuelve-a-evolution-europe-como-en-casa\/","og_site_name":"evolution-europe","article_published_time":"2026-04-27T13:26:17+00:00","article_modified_time":"2026-04-27T15:12:31+00:00","og_image":[{"width":1920,"height":2560,"url":"https:\/\/evolutioneurope.eu\/wp-content\/uploads\/2026\/04\/1000080687-scaled.jpg","type":"image\/jpeg"}],"author":"Daniela Villanueva","twitter_card":"summary_large_image","twitter_misc":{"Written by":"Daniela Villanueva","Est. reading time":"4 minutes"},"schema":{"@context":"https:\/\/schema.org","@graph":[{"@type":"Article","@id":"https:\/\/evolutioneurope.eu\/es\/blog\/mercedes-victoria-vuelve-a-evolution-europe-como-en-casa\/#article","isPartOf":{"@id":"https:\/\/evolutioneurope.eu\/es\/blog\/mercedes-victoria-vuelve-a-evolution-europe-como-en-casa\/"},"author":{"name":"Daniela Villanueva","@id":"https:\/\/evolutioneurope.eu\/es\/#\/schema\/person\/3f3188b3d2e0f0aa732fe58296bc1e22"},"headline":"Mercedes Victoria vuelve a Evolution Europe: como en casa","datePublished":"2026-04-27T13:26:17+00:00","dateModified":"2026-04-27T15:12:31+00:00","mainEntityOfPage":{"@id":"https:\/\/evolutioneurope.eu\/es\/blog\/mercedes-victoria-vuelve-a-evolution-europe-como-en-casa\/"},"wordCount":919,"publisher":{"@id":"https:\/\/evolutioneurope.eu\/es\/#organization"},"image":{"@id":"https:\/\/evolutioneurope.eu\/es\/blog\/mercedes-victoria-vuelve-a-evolution-europe-como-en-casa\/#primaryimage"},"thumbnailUrl":"https:\/\/evolutioneurope.eu\/wp-content\/uploads\/2026\/04\/1000080687-scaled.jpg","articleSection":["Nosotros"],"inLanguage":"es"},{"@type":"WebPage","@id":"https:\/\/evolutioneurope.eu\/es\/blog\/mercedes-victoria-vuelve-a-evolution-europe-como-en-casa\/","url":"https:\/\/evolutioneurope.eu\/es\/blog\/mercedes-victoria-vuelve-a-evolution-europe-como-en-casa\/","name":"Mercedes Victoria vuelve a Evolution Europe: como en casa - evolution-europe","isPartOf":{"@id":"https:\/\/evolutioneurope.eu\/es\/#website"},"primaryImageOfPage":{"@id":"https:\/\/evolutioneurope.eu\/es\/blog\/mercedes-victoria-vuelve-a-evolution-europe-como-en-casa\/#primaryimage"},"image":{"@id":"https:\/\/evolutioneurope.eu\/es\/blog\/mercedes-victoria-vuelve-a-evolution-europe-como-en-casa\/#primaryimage"},"thumbnailUrl":"https:\/\/evolutioneurope.eu\/wp-content\/uploads\/2026\/04\/1000080687-scaled.jpg","datePublished":"2026-04-27T13:26:17+00:00","dateModified":"2026-04-27T15:12:31+00:00","description":"Mercedes Victoria vuelve a Evolution Europe como Grant Manager, aportando experiencia en financiaci\u00f3n europea y talento al equipo.","breadcrumb":{"@id":"https:\/\/evolutioneurope.eu\/es\/blog\/mercedes-victoria-vuelve-a-evolution-europe-como-en-casa\/#breadcrumb"},"inLanguage":"es","potentialAction":[{"@type":"ReadAction","target":["https:\/\/evolutioneurope.eu\/es\/blog\/mercedes-victoria-vuelve-a-evolution-europe-como-en-casa\/"]}]},{"@type":"ImageObject","inLanguage":"es","@id":"https:\/\/evolutioneurope.eu\/es\/blog\/mercedes-victoria-vuelve-a-evolution-europe-como-en-casa\/#primaryimage","url":"https:\/\/evolutioneurope.eu\/wp-content\/uploads\/2026\/04\/1000080687-scaled.jpg","contentUrl":"https:\/\/evolutioneurope.eu\/wp-content\/uploads\/2026\/04\/1000080687-scaled.jpg","width":1920,"height":2560,"caption":"Equipo de Evolution Europe en oficina colaborando en proyectos de financiaci\u00f3n europea"},{"@type":"BreadcrumbList","@id":"https:\/\/evolutioneurope.eu\/es\/blog\/mercedes-victoria-vuelve-a-evolution-europe-como-en-casa\/#breadcrumb","itemListElement":[{"@type":"ListItem","position":1,"name":"Home","item":"https:\/\/evolutioneurope.eu\/es\/"},{"@type":"ListItem","position":2,"name":"Mercedes Victoria vuelve a Evolution Europe: como en casa"}]},{"@type":"WebSite","@id":"https:\/\/evolutioneurope.eu\/es\/#website","url":"https:\/\/evolutioneurope.eu\/es\/","name":"evolution-europe","description":"","publisher":{"@id":"https:\/\/evolutioneurope.eu\/es\/#organization"},"potentialAction":[{"@type":"SearchAction","target":{"@type":"EntryPoint","urlTemplate":"https:\/\/evolutioneurope.eu\/es\/?s={search_term_string}"},"query-input":{"@type":"PropertyValueSpecification","valueRequired":true,"valueName":"search_term_string"}}],"inLanguage":"es"},{"@type":"Organization","@id":"https:\/\/evolutioneurope.eu\/es\/#organization","name":"Evolution Europe","url":"https:\/\/evolutioneurope.eu\/es\/","logo":{"@type":"ImageObject","inLanguage":"es","@id":"https:\/\/evolutioneurope.eu\/es\/#\/schema\/logo\/image\/","url":"https:\/\/evolutioneurope.eu\/wp-content\/uploads\/2026\/04\/social-share-image-2000x1600-1.jpg","contentUrl":"https:\/\/evolutioneurope.eu\/wp-content\/uploads\/2026\/04\/social-share-image-2000x1600-1.jpg","width":2000,"height":1600,"caption":"Evolution Europe"},"image":{"@id":"https:\/\/evolutioneurope.eu\/es\/#\/schema\/logo\/image\/"}},{"@type":"Person","@id":"https:\/\/evolutioneurope.eu\/es\/#\/schema\/person\/3f3188b3d2e0f0aa732fe58296bc1e22","name":"Daniela Villanueva","image":{"@type":"ImageObject","inLanguage":"es","@id":"https:\/\/secure.gravatar.com\/avatar\/30f460e50f697b5b03a3cc064a404ff5a51c1cc789439e54834c4178d17f17a6?s=96&d=mm&r=g","url":"https:\/\/secure.gravatar.com\/avatar\/30f460e50f697b5b03a3cc064a404ff5a51c1cc789439e54834c4178d17f17a6?s=96&d=mm&r=g","contentUrl":"https:\/\/secure.gravatar.com\/avatar\/30f460e50f697b5b03a3cc064a404ff5a51c1cc789439e54834c4178d17f17a6?s=96&d=mm&r=g","caption":"Daniela Villanueva"}}]}},"_links":{"self":[{"href":"https:\/\/evolutioneurope.eu\/es\/wp-json\/wp\/v2\/posts\/9309","targetHints":{"allow":["GET"]}}],"collection":[{"href":"https:\/\/evolutioneurope.eu\/es\/wp-json\/wp\/v2\/posts"}],"about":[{"href":"https:\/\/evolutioneurope.eu\/es\/wp-json\/wp\/v2\/types\/post"}],"author":[{"embeddable":true,"href":"https:\/\/evolutioneurope.eu\/es\/wp-json\/wp\/v2\/users\/11"}],"replies":[{"embeddable":true,"href":"https:\/\/evolutioneurope.eu\/es\/wp-json\/wp\/v2\/comments?post=9309"}],"version-history":[{"count":0,"href":"https:\/\/evolutioneurope.eu\/es\/wp-json\/wp\/v2\/posts\/9309\/revisions"}],"wp:featuredmedia":[{"embeddable":true,"href":"https:\/\/evolutioneurope.eu\/es\/wp-json\/wp\/v2\/media\/9310"}],"wp:attachment":[{"href":"https:\/\/evolutioneurope.eu\/es\/wp-json\/wp\/v2\/media?parent=9309"}],"wp:term":[{"taxonomy":"category","embeddable":true,"href":"https:\/\/evolutioneurope.eu\/es\/wp-json\/wp\/v2\/categories?post=9309"},{"taxonomy":"post_tag","embeddable":true,"href":"https:\/\/evolutioneurope.eu\/es\/wp-json\/wp\/v2\/tags?post=9309"}],"curies":[{"name":"wp","href":"https:\/\/api.w.org\/{rel}","templated":true}]}}