{"id":4782,"date":"2020-06-11T08:50:43","date_gmt":"2020-06-11T08:50:43","guid":{"rendered":"https:\/\/mmevost.wpenginepowered.com\/blog\/biotecnologia-espana-bioithas\/"},"modified":"2025-10-22T16:21:49","modified_gmt":"2025-10-22T16:21:49","slug":"biotecnologia-espana-bioithas","status":"publish","type":"post","link":"https:\/\/evolutioneurope.eu\/es\/blog\/biotecnologia-espana-bioithas\/","title":{"rendered":"Biotecnolog\u00eda en Espa\u00f1a: una conversaci\u00f3n con Laura Navarro"},"content":{"rendered":"<p><a href=\"https:\/\/www.bioithas.com\/\" target=\"_blank\" rel=\"noopener noreferrer\">Bioithas<\/a> es un Instituto Acad\u00e9mico de Investigaci\u00f3n ubicado en el Parque Cient\u00edfico de Alicante. En Bioithas, mantienen que su raz\u00f3n de ser es la obtenci\u00f3n de resultados biotecnol\u00f3gicos \u00fanicos, que aportan un valor diferenciador a cada proyecto. Su objetivo principal es, por otra parte, disponer de la ciencia para mejorar la calidad de vida y la salud de las personas. La importante labor investigadora que han realizado desde su fundaci\u00f3n les ha llevado a ser una referencia en el campo de la investigaci\u00f3n sobre la microbiota humana, estudio que ha culminado con la reciente comercializaci\u00f3n de <a href=\"https:\/\/www.bioithas.com\/tienda\/\" target=\"_blank\" rel=\"noopener noreferrer\">cuatro l\u00edneas de probi\u00f3ticos<\/a>.<\/p>\n<p>Hemos querido saber m\u00e1s sobre esta empresa y sobre cu\u00e1les han sido las claves de su \u00e9xito realizando una entrevista a Laura Navarro, Chief Operating Officer en Bioithas, y este ha sido el resultado.<\/p>\n<p>\n\n\n\n\n\n                                                                                                                            \n    \n    \n        <picture>\n            \n            <source type=\"image\/webp\"\n                    sizes=\"100vw\"\n                    srcset=\"https:\/\/evolutioneurope.eu\/wp-content\/uploads\/2020\/06\/96551885_171986934150921_590457477594927514_n-1-100x0-c-default.webp 100w, https:\/\/evolutioneurope.eu\/wp-content\/uploads\/2020\/06\/96551885_171986934150921_590457477594927514_n-1-200x0-c-default.webp 200w, https:\/\/evolutioneurope.eu\/wp-content\/uploads\/2020\/06\/96551885_171986934150921_590457477594927514_n-1-400x0-c-default.webp 400w, https:\/\/evolutioneurope.eu\/wp-content\/uploads\/2020\/06\/96551885_171986934150921_590457477594927514_n-1-600x0-c-default.webp 600w, https:\/\/evolutioneurope.eu\/wp-content\/uploads\/2020\/06\/96551885_171986934150921_590457477594927514_n-1-800x0-c-default.webp 800w, https:\/\/evolutioneurope.eu\/wp-content\/uploads\/2020\/06\/96551885_171986934150921_590457477594927514_n-1.webp 1080w\"\n                    media=\"all\"\n            >\n            <img class=\"\"\n                 width=\"1080\"\n                 height=\"720\"\n                 alt=\"96551885_171986934150921_590457477594927514_n-1\"\n                 src=\"https:\/\/evolutioneurope.eu\/wp-content\/uploads\/2020\/06\/96551885_171986934150921_590457477594927514_n-1.jpg\"\n                 loading=\"lazy\"\n                 fetchpriority=\"auto\"\n            >\n        <\/picture>\n    \n\n<\/p>\n<p><strong>A\u00fan siendo Bioithas una empresa tan joven, hab\u00e9is conseguido una gran cantidad de \u00e9xitos y reconocimientos, as\u00ed que empecemos por el principio, \u00bfc\u00f3mo surgi\u00f3 la idea?<\/strong><\/p>\n<p>En 2015, Vicente Navarro, quien ahora es CEO y Director Cient\u00edfico en Bioithas, desarrolla dos importantes investigaciones con probi\u00f3ticos en patolog\u00eda cut\u00e1nea, que dan como resultado dos patentes. Este hecho marc\u00f3 la necesidad de constituir Bioithas como empresa, ya que a partir de ese momento varios laboratorios contactan con nosotros para hacer m\u00e1s desarrollos. Adem\u00e1s empezamos a promover nuestros estudios propios con el fin de generar mayor n\u00famero de productos y patentes.<\/p>\n<p><strong>Es muy interesante ver c\u00f3mo hab\u00e9is dado ese salto desde la investigaci\u00f3n hacia la aplicaci\u00f3n de esos resultados para llevar el mercado vuestras soluciones y estudios. En ese momento optasteis por vincularos al <\/strong><a href=\"https:\/\/pca.ua.es\/es\/\" target=\"_blank\" rel=\"noopener noreferrer\"><strong>Parque Cient\u00edfico de Alicante<\/strong><\/a><strong>, \u00bfcu\u00e1l ha sido el papel de este Parque en vuestro desarrollo? <\/strong><\/p>\n<p>Fundamental. El ecosistema empresarial que se da all\u00ed, en nuestra opini\u00f3n, es clave para empresas de la misma naturaleza que la nuestra, donde quiz\u00e1 los perfiles son sobre todo t\u00e9cnicos. En el Parque Cient\u00edfico tenemos herramientas y apoyo para \u00e1reas del negocio que a priori no se han desarrollado o no tenemos perfiles espec\u00edficos para ello, y que con sus servicios y ayuda es f\u00e1cil de solventar.<\/p>\n<p><strong>Adem\u00e1s, sabemos que hab\u00e9is sido elegidos como mejor start-up de la <\/strong><a href=\"https:\/\/www.repcv.net\/\" target=\"_blank\" rel=\"noopener noreferrer\"><strong>Red de Parques Cient\u00edficos Valencianos<\/strong><\/a><strong> y, adem\u00e1s, hab\u00e9is obtenido el sello \u201cJoven empresa Innovadora\u201d del <\/strong><a href=\"http:\/\/www.ivace.es\/index.php?lang=es\" target=\"_blank\" rel=\"noopener noreferrer\"><strong>Instituto Valenciano de Competitividad Empresarial (IVACE)<\/strong><\/a><strong>. En este sentido, \u00bfcu\u00e1l cre\u00e9is que es la situaci\u00f3n del ecosistema de I+D en la Comunidad Valenciana?<\/strong><\/p>\n<p>En este caso consideramos que la Comunidad Valenciana apuesta por la innovaci\u00f3n, dentro de sus posibilidades, por supuesto. Conocemos tambi\u00e9n diversos proyectos subvencionados por la Agencia Valenciana de Investigaci\u00f3n. En uno de los cuales, adem\u00e1s, participa Vicente como Investigador de la <a href=\"http:\/\/fisabio.san.gva.es\/en\/\" target=\"_blank\" rel=\"noopener noreferrer\">Fundaci\u00f3n para el fomento de la investigaci\u00f3n Sanitaria y Biom\u00e9dica de la CV<\/a>.<\/p>\n<p><strong>Centr\u00e1ndonos un poco m\u00e1s en vuestra industria, \u00bfen qu\u00e9 l\u00edneas de innovaci\u00f3n se est\u00e1 trabajando y cu\u00e1les son las perspectivas de futuro? <\/strong><\/p>\n<p>Nuestras principales l\u00edneas de investigaci\u00f3n tienen como nexo com\u00fan la microbiota humana.<\/p>\n<p>En este campo son numerosos y recientes los estudios e investigaciones que relacionan dicha microbiota con la salud y enfermedad del individuo.<\/p>\n<p>Esto, junto con la necesidad de encontrar tratamientos personalizados para patolog\u00edas donde una terapia com\u00fan para todos los pacientes no funciona bien, ha determinado la importancia de buscar soluciones espec\u00edficas para cada caso. De ah\u00ed que el desarrollo de biomarcadores de enfermedad, as\u00ed como tratamientos personalizados, est\u00e9 en el punto de mira tanto desde el punto de vista de empresas tecnol\u00f3gicas como de las autoridades sanitarias, etc. Esta necesidad se ha puesto m\u00e1s de manifiesto a\u00fan si cabe, a ra\u00edz de la COVID-19, donde tener kits de diagn\u00f3stico r\u00e1pido ha sido primordial para frenar dicha pandemia.<\/p>\n<p>Nosotros utilizamos este conocimiento para desarrollar, dentro de diversas l\u00edneas patol\u00f3gicas, biomarcadores de enfermedad por un lado, y por otro, productos probi\u00f3ticos que puedan actuar modulando esta microbiota y en consecuencia mejorando la salud del paciente.<\/p>\n<p>Las perspectivas de futuro son optimistas pues dicha necesidad es una realidad, a la cual se pretende dar soluci\u00f3n, no solo desde el punto de vista de empresas del sector, sino que tambi\u00e9n cada vez son m\u00e1s las subvenciones y ayudas p\u00fablicas otorgadas en estas l\u00edneas de investigaci\u00f3n.<\/p>\n<blockquote>\n<h2 class=\"sk-text--h5\">La necesidad de encontrar tratamientos personalizados para patolog\u00edas donde una terapia com\u00fan para todos los pacientes no funciona bien, ha determinado la importancia de buscar soluciones espec\u00edficas para cada caso. De ah\u00ed que el desarrollo de biomarcadores de enfermedad [\u2026] est\u00e9 en el punto de mira tanto desde el punto de vista de empresas tecnol\u00f3gicas como de las autoridades sanitarias.<\/h2>\n<\/blockquote>\n<p>Laura Navarro<\/p>\n<p>Chief Operating Officer,<a href=\"https:\/\/www.bioithas.com\/\" target=\"_blank\" rel=\"noopener\">Bioithas<\/a><\/p>\n<p><strong>Teniendo en cuenta este planteamiento y la necesidad que nos planteas, \u00bfcu\u00e1les han sido los principales proyectos de I+D que hab\u00e9is desarrollado en Bioithas?<\/strong><\/p>\n<p>Nuestros principales proyectos de I+D han sido, por un lado el desarrollo de dos biomarcadores de enfermedad, uno para escler\u00f3sis m\u00faltiple y otro para c\u00e1ncer. Por otro lado, hemos centrado nuestros estudios en el desarrollo de mezclas probi\u00f3ticas concretas patentadas, reivindicadas para el uso de patolog\u00edas espec\u00edficas.<\/p>\n<p><strong>Y, \u00bfc\u00f3mo os ha ayudado la Comisi\u00f3n Europea en el desarrollo de estos proyectos? <\/strong><\/p>\n<p>La Comisi\u00f3n Europea ha sido clave en este caso para el desarrollo de nuestro kit diagn\u00f3stico-predictivo de la enfermedad de la escler\u00f3sis m\u00faltiple, proyecto que denominamos <a href=\"https:\/\/evolutioneurope.eu\/casos-exito\/bioithas-sclerotest\/\" target=\"_blank\" rel=\"noopener noreferrer\">ScleroTest<\/a>.<\/p>\n<p>Por el momento, nos concedieron la Fase I del SME Instrument, gracias a la cual, hemos podido desarrollar un Estudio de Viabilidad del proyecto y, en consecuencia, tener la certeza de que efectivamente este kit puede ser una realidad en la rutina cl\u00ednica, teniendo un gran impacto en pacientes, neur\u00f3logos y sistemas de salud.<\/p>\n<p><strong>Para nosotros ha sido todo un placer haber trabajado con Bioithas en el desarrollo de esa primera fase y haber podido participar en cierta medida en el desarrollo de ese proyecto tan innovador. En vuestra opini\u00f3n, \u00bfqu\u00e9 papel cre\u00e9is que ha jugado Evolution en vuestra estrategia de financiaci\u00f3n? <\/strong><\/p>\n<p>Con Evolution tuvimos la oportunidad de trabajar conjuntamente para solicitar la Fase I del SME Instrument, la cual fue todo un \u00e9xito. Actualmente estamos trabajando para tratar de conseguir la Fase II (ahora EIC Accelerator) y poder validar y nuestro kit para escler\u00f3sis m\u00faltiple, SclertoTest, en una cohorte de pacientes mayor.<\/p>\n<p><strong>Centr\u00e1ndonos ahora en vuestra l\u00ednea de probi\u00f3ticos, hab\u00e9is conseguido dar ese salto al mercado con la comercializaci\u00f3n de vuestros primeros productos. Con ello, hab\u00e9is logrado dar ese paso con el que sue\u00f1an muchas start-ups, especialmente del \u00e1mbito de la investigaci\u00f3n. \u00bfC\u00f3mo ha sido para vosotros este proceso? <\/strong><\/p>\n<p>El salto al mercado lo dimos con nuestros productos probi\u00f3ticos. Han sido con 4 en concreto: Bioithas Digest, Bioithas Derma, Bioithas Inmune y Bioithas Mucosas.<\/p>\n<p>\n\n\n\n\n\n                                                                                    \n    \n    \n        <picture>\n            \n            <source type=\"image\/webp\"\n                    sizes=\"100vw\"\n                    srcset=\"https:\/\/evolutioneurope.eu\/wp-content\/uploads\/2020\/06\/foto-alargada_opt-1-100x0-c-default.webp 100w, https:\/\/evolutioneurope.eu\/wp-content\/uploads\/2020\/06\/foto-alargada_opt-1-200x0-c-default.webp 200w, https:\/\/evolutioneurope.eu\/wp-content\/uploads\/2020\/06\/foto-alargada_opt-1-400x0-c-default.webp 400w, https:\/\/evolutioneurope.eu\/wp-content\/uploads\/2020\/06\/foto-alargada_opt-1.webp 500w\"\n                    media=\"all\"\n            >\n            <img class=\"\"\n                 width=\"500\"\n                 height=\"281\"\n                 alt=\"foto-alargada_opt-1\"\n                 src=\"https:\/\/evolutioneurope.eu\/wp-content\/uploads\/2020\/06\/foto-alargada_opt-1.jpg\"\n                 loading=\"lazy\"\n                 fetchpriority=\"auto\"\n            >\n        <\/picture>\n    \n\n<\/p>\n<p>Gracias a todo el conocimiento generado a trav\u00e9s de los numerosos ensayos cl\u00ednicos en humanos que hemos llevado a cabo con distintas mezclas probi\u00f3ticas para diferentes patolog\u00edas, hemos podido desarrollar estos productos, con un gran aval cient\u00edfico.<\/p>\n<p>Adem\u00e1s el hecho de que estos ensayos cl\u00ednicos se hayan publicado en varias de las revistas indexadas m\u00e1s importantes del mundo, nos ayudado mucho a avalarlos.<\/p>\n<p><strong>Por nuestra parte, queremos daros la enhorabuena por esta trayectoria tan exitosa y solo nos queda una \u00faltima pregunta: \u00bfcu\u00e1les ser\u00e1n vuestros siguientes pasos?<\/strong><\/p>\n<p>Nuestros siguientes pasos ser\u00edan, por un lado consolidarnos en el mercado como marca probi\u00f3tica de gran calidad y con mucha ciencia, sin perder de vista el hecho de que somos una empresa de investigaci\u00f3n y, por tanto, que estos grandes desarrollos e investigaciones que hemos realizado hasta ahora deben seguir haci\u00e9ndose para respaldar y avalar todos nuestros productos.<\/p>\n<p>Por otro lado, queremos terminar de desarrollar los dos biomarcadores predictivos de enfermedad que tenemos patentados y abrirnos un hueco en este mercado que se centra en los biomarcadores de enfermedad.<\/p>\n<p><strong>Muchas gracias, Laura, por habernos abierto las puertas de Bioithas, sin duda un referente en el sector de la biotecnolog\u00eda a nivel nacional e internacional. Os deseamos mucho \u00e9xito en ese futuro tan prometedor y esperamos poder seguir colaborando con vosotros para ayudaros a alcanzar vuestras metas.<\/strong><\/p>\n<p><a href=\"https:\/\/evolutioneurope.eu\/contacto\/\" target=\"_blank\" rel=\"noopener\">\n\n\n\n\n\n                                                                                                                                                \n    \n    \n        <picture>\n            \n            <source type=\"image\/webp\"\n                    sizes=\"100vw\"\n                    srcset=\"https:\/\/evolutioneurope.eu\/wp-content\/uploads\/2025\/10\/alt_contacto_us_eic_accelerator_HYSILABS_evolution_caso_exito-01-100x0-c-default.webp 100w, https:\/\/evolutioneurope.eu\/wp-content\/uploads\/2025\/10\/alt_contacto_us_eic_accelerator_HYSILABS_evolution_caso_exito-01-200x0-c-default.webp 200w, https:\/\/evolutioneurope.eu\/wp-content\/uploads\/2025\/10\/alt_contacto_us_eic_accelerator_HYSILABS_evolution_caso_exito-01-400x0-c-default.webp 400w, https:\/\/evolutioneurope.eu\/wp-content\/uploads\/2025\/10\/alt_contacto_us_eic_accelerator_HYSILABS_evolution_caso_exito-01-600x0-c-default.webp 600w, https:\/\/evolutioneurope.eu\/wp-content\/uploads\/2025\/10\/alt_contacto_us_eic_accelerator_HYSILABS_evolution_caso_exito-01-800x0-c-default.webp 800w, https:\/\/evolutioneurope.eu\/wp-content\/uploads\/2025\/10\/alt_contacto_us_eic_accelerator_HYSILABS_evolution_caso_exito-01-1200x0-c-default.webp 1200w, https:\/\/evolutioneurope.eu\/wp-content\/uploads\/2025\/10\/alt_contacto_us_eic_accelerator_HYSILABS_evolution_caso_exito-01.webp 2171w\"\n                    media=\"all\"\n            >\n            <img class=\"\"\n                 width=\"2171\"\n                 height=\"639\"\n                 alt=\"alt_contacto_us_eic_accelerator_HYSILABS_evolution_caso_exito-01\"\n                 src=\"https:\/\/evolutioneurope.eu\/wp-content\/uploads\/2025\/10\/alt_contacto_us_eic_accelerator_HYSILABS_evolution_caso_exito-01.jpg\"\n                 loading=\"lazy\"\n                 fetchpriority=\"auto\"\n            >\n        <\/picture>\n    \n\n<\/a><\/p>\n","protected":false},"excerpt":{"rendered":"<p>Bioithas es un Instituto Acad\u00e9mico de Investigaci\u00f3n ubicado en el Parque Cient\u00edfico de Alicante. En Bioithas, mantienen que su raz\u00f3n de ser es la obtenci\u00f3n de resultados biotecnol\u00f3gicos \u00fanicos, que aportan un valor diferenciador a cada proyecto. Su objetivo principal es, por otra parte, disponer de la ciencia para mejorar la calidad de vida y [&hellip;]<\/p>\n","protected":false},"author":8,"featured_media":2986,"comment_status":"closed","ping_status":"closed","sticky":false,"template":"","format":"standard","meta":{"_acf_changed":false,"footnotes":""},"categories":[78],"tags":[],"class_list":["post-4782","post","type-post","status-publish","format-standard","has-post-thumbnail","hentry","category-blog-entrevistas"],"acf":[],"yoast_head":"<!-- This site is optimized with the Yoast SEO Premium plugin v27.3 (Yoast SEO v27.3) - https:\/\/yoast.com\/product\/yoast-seo-premium-wordpress\/ -->\n<title>Biotecnolog\u00eda en Espa\u00f1a: una conversaci\u00f3n con Laura Navarro - evolution-europe<\/title>\n<meta name=\"robots\" content=\"index, follow, max-snippet:-1, max-image-preview:large, max-video-preview:-1\" \/>\n<link rel=\"canonical\" href=\"https:\/\/evolutioneurope.eu\/es\/blog\/biotecnologia-espana-bioithas\/\" \/>\n<meta property=\"og:locale\" content=\"es_ES\" \/>\n<meta property=\"og:type\" content=\"article\" \/>\n<meta property=\"og:title\" content=\"Biotecnolog\u00eda en Espa\u00f1a: una conversaci\u00f3n con Laura Navarro\" \/>\n<meta property=\"og:description\" content=\"Bioithas es un Instituto Acad\u00e9mico de Investigaci\u00f3n ubicado en el Parque Cient\u00edfico de Alicante. En Bioithas, mantienen que su raz\u00f3n de ser es la obtenci\u00f3n de resultados biotecnol\u00f3gicos \u00fanicos, que aportan un valor diferenciador a cada proyecto. Su objetivo principal es, por otra parte, disponer de la ciencia para mejorar la calidad de vida y [&hellip;]\" \/>\n<meta property=\"og:url\" content=\"https:\/\/evolutioneurope.eu\/es\/blog\/biotecnologia-espana-bioithas\/\" \/>\n<meta property=\"og:site_name\" content=\"evolution-europe\" \/>\n<meta property=\"article:published_time\" content=\"2020-06-11T08:50:43+00:00\" \/>\n<meta property=\"article:modified_time\" content=\"2025-10-22T16:21:49+00:00\" \/>\n<meta property=\"og:image\" content=\"https:\/\/evolutioneurope.eu\/wp-content\/uploads\/2025\/10\/alt_featured_image_bioithas.jpg\" \/>\n\t<meta property=\"og:image:width\" content=\"1080\" \/>\n\t<meta property=\"og:image:height\" content=\"675\" \/>\n\t<meta property=\"og:image:type\" content=\"image\/jpeg\" \/>\n<meta name=\"author\" content=\"developer\" \/>\n<meta name=\"twitter:card\" content=\"summary_large_image\" \/>\n<meta name=\"twitter:label1\" content=\"Written by\" \/>\n\t<meta name=\"twitter:data1\" content=\"developer\" \/>\n\t<meta name=\"twitter:label2\" content=\"Est. reading time\" \/>\n\t<meta name=\"twitter:data2\" content=\"7 minutes\" \/>\n<script type=\"application\/ld+json\" class=\"yoast-schema-graph\">{\"@context\":\"https:\\\/\\\/schema.org\",\"@graph\":[{\"@type\":\"Article\",\"@id\":\"https:\\\/\\\/evolutioneurope.eu\\\/es\\\/blog\\\/biotecnologia-espana-bioithas\\\/#article\",\"isPartOf\":{\"@id\":\"https:\\\/\\\/evolutioneurope.eu\\\/es\\\/blog\\\/biotecnologia-espana-bioithas\\\/\"},\"author\":{\"name\":\"developer\",\"@id\":\"https:\\\/\\\/evolutioneurope.eu\\\/es\\\/#\\\/schema\\\/person\\\/b67d6c1466b28465ad3ac3496ae3f15a\"},\"headline\":\"Biotecnolog\u00eda en Espa\u00f1a: una conversaci\u00f3n con Laura Navarro\",\"datePublished\":\"2020-06-11T08:50:43+00:00\",\"dateModified\":\"2025-10-22T16:21:49+00:00\",\"mainEntityOfPage\":{\"@id\":\"https:\\\/\\\/evolutioneurope.eu\\\/es\\\/blog\\\/biotecnologia-espana-bioithas\\\/\"},\"wordCount\":1448,\"publisher\":{\"@id\":\"https:\\\/\\\/evolutioneurope.eu\\\/es\\\/#organization\"},\"image\":{\"@id\":\"https:\\\/\\\/evolutioneurope.eu\\\/es\\\/blog\\\/biotecnologia-espana-bioithas\\\/#primaryimage\"},\"thumbnailUrl\":\"https:\\\/\\\/evolutioneurope.eu\\\/wp-content\\\/uploads\\\/2025\\\/10\\\/alt_featured_image_bioithas.jpg\",\"articleSection\":[\"Entrevistas\"],\"inLanguage\":\"es\"},{\"@type\":\"WebPage\",\"@id\":\"https:\\\/\\\/evolutioneurope.eu\\\/es\\\/blog\\\/biotecnologia-espana-bioithas\\\/\",\"url\":\"https:\\\/\\\/evolutioneurope.eu\\\/es\\\/blog\\\/biotecnologia-espana-bioithas\\\/\",\"name\":\"Biotecnolog\u00eda en Espa\u00f1a: una conversaci\u00f3n con Laura Navarro - evolution-europe\",\"isPartOf\":{\"@id\":\"https:\\\/\\\/evolutioneurope.eu\\\/es\\\/#website\"},\"primaryImageOfPage\":{\"@id\":\"https:\\\/\\\/evolutioneurope.eu\\\/es\\\/blog\\\/biotecnologia-espana-bioithas\\\/#primaryimage\"},\"image\":{\"@id\":\"https:\\\/\\\/evolutioneurope.eu\\\/es\\\/blog\\\/biotecnologia-espana-bioithas\\\/#primaryimage\"},\"thumbnailUrl\":\"https:\\\/\\\/evolutioneurope.eu\\\/wp-content\\\/uploads\\\/2025\\\/10\\\/alt_featured_image_bioithas.jpg\",\"datePublished\":\"2020-06-11T08:50:43+00:00\",\"dateModified\":\"2025-10-22T16:21:49+00:00\",\"breadcrumb\":{\"@id\":\"https:\\\/\\\/evolutioneurope.eu\\\/es\\\/blog\\\/biotecnologia-espana-bioithas\\\/#breadcrumb\"},\"inLanguage\":\"es\",\"potentialAction\":[{\"@type\":\"ReadAction\",\"target\":[\"https:\\\/\\\/evolutioneurope.eu\\\/es\\\/blog\\\/biotecnologia-espana-bioithas\\\/\"]}]},{\"@type\":\"ImageObject\",\"inLanguage\":\"es\",\"@id\":\"https:\\\/\\\/evolutioneurope.eu\\\/es\\\/blog\\\/biotecnologia-espana-bioithas\\\/#primaryimage\",\"url\":\"https:\\\/\\\/evolutioneurope.eu\\\/wp-content\\\/uploads\\\/2025\\\/10\\\/alt_featured_image_bioithas.jpg\",\"contentUrl\":\"https:\\\/\\\/evolutioneurope.eu\\\/wp-content\\\/uploads\\\/2025\\\/10\\\/alt_featured_image_bioithas.jpg\",\"width\":1080,\"height\":675},{\"@type\":\"BreadcrumbList\",\"@id\":\"https:\\\/\\\/evolutioneurope.eu\\\/es\\\/blog\\\/biotecnologia-espana-bioithas\\\/#breadcrumb\",\"itemListElement\":[{\"@type\":\"ListItem\",\"position\":1,\"name\":\"Home\",\"item\":\"https:\\\/\\\/evolutioneurope.eu\\\/es\\\/\"},{\"@type\":\"ListItem\",\"position\":2,\"name\":\"Biotecnolog\u00eda en Espa\u00f1a: una conversaci\u00f3n con Laura Navarro\"}]},{\"@type\":\"WebSite\",\"@id\":\"https:\\\/\\\/evolutioneurope.eu\\\/es\\\/#website\",\"url\":\"https:\\\/\\\/evolutioneurope.eu\\\/es\\\/\",\"name\":\"evolution-europe\",\"description\":\"\",\"publisher\":{\"@id\":\"https:\\\/\\\/evolutioneurope.eu\\\/es\\\/#organization\"},\"potentialAction\":[{\"@type\":\"SearchAction\",\"target\":{\"@type\":\"EntryPoint\",\"urlTemplate\":\"https:\\\/\\\/evolutioneurope.eu\\\/es\\\/?s={search_term_string}\"},\"query-input\":{\"@type\":\"PropertyValueSpecification\",\"valueRequired\":true,\"valueName\":\"search_term_string\"}}],\"inLanguage\":\"es\"},{\"@type\":\"Organization\",\"@id\":\"https:\\\/\\\/evolutioneurope.eu\\\/es\\\/#organization\",\"name\":\"Evolution Europe\",\"url\":\"https:\\\/\\\/evolutioneurope.eu\\\/es\\\/\",\"logo\":{\"@type\":\"ImageObject\",\"inLanguage\":\"es\",\"@id\":\"https:\\\/\\\/evolutioneurope.eu\\\/es\\\/#\\\/schema\\\/logo\\\/image\\\/\",\"url\":\"https:\\\/\\\/evolutioneurope.eu\\\/wp-content\\\/uploads\\\/2026\\\/04\\\/social-share-image-2000x1600-1.jpg\",\"contentUrl\":\"https:\\\/\\\/evolutioneurope.eu\\\/wp-content\\\/uploads\\\/2026\\\/04\\\/social-share-image-2000x1600-1.jpg\",\"width\":2000,\"height\":1600,\"caption\":\"Evolution Europe\"},\"image\":{\"@id\":\"https:\\\/\\\/evolutioneurope.eu\\\/es\\\/#\\\/schema\\\/logo\\\/image\\\/\"}},{\"@type\":\"Person\",\"@id\":\"https:\\\/\\\/evolutioneurope.eu\\\/es\\\/#\\\/schema\\\/person\\\/b67d6c1466b28465ad3ac3496ae3f15a\",\"name\":\"developer\",\"image\":{\"@type\":\"ImageObject\",\"inLanguage\":\"es\",\"@id\":\"https:\\\/\\\/secure.gravatar.com\\\/avatar\\\/87924606b4131a8aceeeae8868531fbb9712aaa07a5d3a756b26ce0f5d6ca674?s=96&d=mm&r=g\",\"url\":\"https:\\\/\\\/secure.gravatar.com\\\/avatar\\\/87924606b4131a8aceeeae8868531fbb9712aaa07a5d3a756b26ce0f5d6ca674?s=96&d=mm&r=g\",\"contentUrl\":\"https:\\\/\\\/secure.gravatar.com\\\/avatar\\\/87924606b4131a8aceeeae8868531fbb9712aaa07a5d3a756b26ce0f5d6ca674?s=96&d=mm&r=g\",\"caption\":\"developer\"}}]}<\/script>\n<!-- \/ Yoast SEO Premium plugin. -->","yoast_head_json":{"title":"Biotecnolog\u00eda en Espa\u00f1a: una conversaci\u00f3n con Laura Navarro - evolution-europe","robots":{"index":"index","follow":"follow","max-snippet":"max-snippet:-1","max-image-preview":"max-image-preview:large","max-video-preview":"max-video-preview:-1"},"canonical":"https:\/\/evolutioneurope.eu\/es\/blog\/biotecnologia-espana-bioithas\/","og_locale":"es_ES","og_type":"article","og_title":"Biotecnolog\u00eda en Espa\u00f1a: una conversaci\u00f3n con Laura Navarro","og_description":"Bioithas es un Instituto Acad\u00e9mico de Investigaci\u00f3n ubicado en el Parque Cient\u00edfico de Alicante. En Bioithas, mantienen que su raz\u00f3n de ser es la obtenci\u00f3n de resultados biotecnol\u00f3gicos \u00fanicos, que aportan un valor diferenciador a cada proyecto. Su objetivo principal es, por otra parte, disponer de la ciencia para mejorar la calidad de vida y [&hellip;]","og_url":"https:\/\/evolutioneurope.eu\/es\/blog\/biotecnologia-espana-bioithas\/","og_site_name":"evolution-europe","article_published_time":"2020-06-11T08:50:43+00:00","article_modified_time":"2025-10-22T16:21:49+00:00","og_image":[{"width":1080,"height":675,"url":"https:\/\/evolutioneurope.eu\/wp-content\/uploads\/2025\/10\/alt_featured_image_bioithas.jpg","type":"image\/jpeg"}],"author":"developer","twitter_card":"summary_large_image","twitter_misc":{"Written by":"developer","Est. reading time":"7 minutes"},"schema":{"@context":"https:\/\/schema.org","@graph":[{"@type":"Article","@id":"https:\/\/evolutioneurope.eu\/es\/blog\/biotecnologia-espana-bioithas\/#article","isPartOf":{"@id":"https:\/\/evolutioneurope.eu\/es\/blog\/biotecnologia-espana-bioithas\/"},"author":{"name":"developer","@id":"https:\/\/evolutioneurope.eu\/es\/#\/schema\/person\/b67d6c1466b28465ad3ac3496ae3f15a"},"headline":"Biotecnolog\u00eda en Espa\u00f1a: una conversaci\u00f3n con Laura Navarro","datePublished":"2020-06-11T08:50:43+00:00","dateModified":"2025-10-22T16:21:49+00:00","mainEntityOfPage":{"@id":"https:\/\/evolutioneurope.eu\/es\/blog\/biotecnologia-espana-bioithas\/"},"wordCount":1448,"publisher":{"@id":"https:\/\/evolutioneurope.eu\/es\/#organization"},"image":{"@id":"https:\/\/evolutioneurope.eu\/es\/blog\/biotecnologia-espana-bioithas\/#primaryimage"},"thumbnailUrl":"https:\/\/evolutioneurope.eu\/wp-content\/uploads\/2025\/10\/alt_featured_image_bioithas.jpg","articleSection":["Entrevistas"],"inLanguage":"es"},{"@type":"WebPage","@id":"https:\/\/evolutioneurope.eu\/es\/blog\/biotecnologia-espana-bioithas\/","url":"https:\/\/evolutioneurope.eu\/es\/blog\/biotecnologia-espana-bioithas\/","name":"Biotecnolog\u00eda en Espa\u00f1a: una conversaci\u00f3n con Laura Navarro - evolution-europe","isPartOf":{"@id":"https:\/\/evolutioneurope.eu\/es\/#website"},"primaryImageOfPage":{"@id":"https:\/\/evolutioneurope.eu\/es\/blog\/biotecnologia-espana-bioithas\/#primaryimage"},"image":{"@id":"https:\/\/evolutioneurope.eu\/es\/blog\/biotecnologia-espana-bioithas\/#primaryimage"},"thumbnailUrl":"https:\/\/evolutioneurope.eu\/wp-content\/uploads\/2025\/10\/alt_featured_image_bioithas.jpg","datePublished":"2020-06-11T08:50:43+00:00","dateModified":"2025-10-22T16:21:49+00:00","breadcrumb":{"@id":"https:\/\/evolutioneurope.eu\/es\/blog\/biotecnologia-espana-bioithas\/#breadcrumb"},"inLanguage":"es","potentialAction":[{"@type":"ReadAction","target":["https:\/\/evolutioneurope.eu\/es\/blog\/biotecnologia-espana-bioithas\/"]}]},{"@type":"ImageObject","inLanguage":"es","@id":"https:\/\/evolutioneurope.eu\/es\/blog\/biotecnologia-espana-bioithas\/#primaryimage","url":"https:\/\/evolutioneurope.eu\/wp-content\/uploads\/2025\/10\/alt_featured_image_bioithas.jpg","contentUrl":"https:\/\/evolutioneurope.eu\/wp-content\/uploads\/2025\/10\/alt_featured_image_bioithas.jpg","width":1080,"height":675},{"@type":"BreadcrumbList","@id":"https:\/\/evolutioneurope.eu\/es\/blog\/biotecnologia-espana-bioithas\/#breadcrumb","itemListElement":[{"@type":"ListItem","position":1,"name":"Home","item":"https:\/\/evolutioneurope.eu\/es\/"},{"@type":"ListItem","position":2,"name":"Biotecnolog\u00eda en Espa\u00f1a: una conversaci\u00f3n con Laura Navarro"}]},{"@type":"WebSite","@id":"https:\/\/evolutioneurope.eu\/es\/#website","url":"https:\/\/evolutioneurope.eu\/es\/","name":"evolution-europe","description":"","publisher":{"@id":"https:\/\/evolutioneurope.eu\/es\/#organization"},"potentialAction":[{"@type":"SearchAction","target":{"@type":"EntryPoint","urlTemplate":"https:\/\/evolutioneurope.eu\/es\/?s={search_term_string}"},"query-input":{"@type":"PropertyValueSpecification","valueRequired":true,"valueName":"search_term_string"}}],"inLanguage":"es"},{"@type":"Organization","@id":"https:\/\/evolutioneurope.eu\/es\/#organization","name":"Evolution Europe","url":"https:\/\/evolutioneurope.eu\/es\/","logo":{"@type":"ImageObject","inLanguage":"es","@id":"https:\/\/evolutioneurope.eu\/es\/#\/schema\/logo\/image\/","url":"https:\/\/evolutioneurope.eu\/wp-content\/uploads\/2026\/04\/social-share-image-2000x1600-1.jpg","contentUrl":"https:\/\/evolutioneurope.eu\/wp-content\/uploads\/2026\/04\/social-share-image-2000x1600-1.jpg","width":2000,"height":1600,"caption":"Evolution Europe"},"image":{"@id":"https:\/\/evolutioneurope.eu\/es\/#\/schema\/logo\/image\/"}},{"@type":"Person","@id":"https:\/\/evolutioneurope.eu\/es\/#\/schema\/person\/b67d6c1466b28465ad3ac3496ae3f15a","name":"developer","image":{"@type":"ImageObject","inLanguage":"es","@id":"https:\/\/secure.gravatar.com\/avatar\/87924606b4131a8aceeeae8868531fbb9712aaa07a5d3a756b26ce0f5d6ca674?s=96&d=mm&r=g","url":"https:\/\/secure.gravatar.com\/avatar\/87924606b4131a8aceeeae8868531fbb9712aaa07a5d3a756b26ce0f5d6ca674?s=96&d=mm&r=g","contentUrl":"https:\/\/secure.gravatar.com\/avatar\/87924606b4131a8aceeeae8868531fbb9712aaa07a5d3a756b26ce0f5d6ca674?s=96&d=mm&r=g","caption":"developer"}}]}},"_links":{"self":[{"href":"https:\/\/evolutioneurope.eu\/es\/wp-json\/wp\/v2\/posts\/4782","targetHints":{"allow":["GET"]}}],"collection":[{"href":"https:\/\/evolutioneurope.eu\/es\/wp-json\/wp\/v2\/posts"}],"about":[{"href":"https:\/\/evolutioneurope.eu\/es\/wp-json\/wp\/v2\/types\/post"}],"author":[{"embeddable":true,"href":"https:\/\/evolutioneurope.eu\/es\/wp-json\/wp\/v2\/users\/8"}],"replies":[{"embeddable":true,"href":"https:\/\/evolutioneurope.eu\/es\/wp-json\/wp\/v2\/comments?post=4782"}],"version-history":[{"count":0,"href":"https:\/\/evolutioneurope.eu\/es\/wp-json\/wp\/v2\/posts\/4782\/revisions"}],"wp:featuredmedia":[{"embeddable":true,"href":"https:\/\/evolutioneurope.eu\/es\/wp-json\/wp\/v2\/media\/2986"}],"wp:attachment":[{"href":"https:\/\/evolutioneurope.eu\/es\/wp-json\/wp\/v2\/media?parent=4782"}],"wp:term":[{"taxonomy":"category","embeddable":true,"href":"https:\/\/evolutioneurope.eu\/es\/wp-json\/wp\/v2\/categories?post=4782"},{"taxonomy":"post_tag","embeddable":true,"href":"https:\/\/evolutioneurope.eu\/es\/wp-json\/wp\/v2\/tags?post=4782"}],"curies":[{"name":"wp","href":"https:\/\/api.w.org\/{rel}","templated":true}]}}