{"id":4778,"date":"2020-05-01T12:00:19","date_gmt":"2020-05-01T12:00:19","guid":{"rendered":"https:\/\/mmevost.wpenginepowered.com\/blog\/el-blanco-tambien-es-un-color\/"},"modified":"2020-05-01T11:42:19","modified_gmt":"2020-05-01T11:42:19","slug":"el-blanco-tambien-es-un-color","status":"publish","type":"post","link":"https:\/\/evolutioneurope.eu\/es\/blog\/el-blanco-tambien-es-un-color\/","title":{"rendered":"El blanco tambi\u00e9n es un color"},"content":{"rendered":"<p>\u00c9rase una vez un peque\u00f1o reno llamado Rudolph que viv\u00eda muy lejos, junto con muchos otros renos, en un lugar cercano al Polo Norte.<br \/>Rudolph era un reno un poco t\u00edmido y no ten\u00eda ning\u00fan amigo. El problema era que ten\u00eda una nariz muy, muy roja, mientras los dem\u00e1s renos ten\u00edan nariz marr\u00f3n.<br \/>La nariz de Rudolph era tan roja y brillante que alumbraba en la oscuridad, como una luz. Los otros renos sol\u00edan re\u00edrse de Rudolph y se negaban a dejarle jugar con ellos debido a su nariz de color rojo brillante. <strong>https:\/\/we.tl\/t-i59GQgFTtz<\/strong><br \/>As\u00ed que Rudolph siempre se sent\u00eda muy solo. Sol\u00eda esconderse, deseando que pudiera tener un amigo para jugar y que podr\u00eda serle de ayuda a alguien.<br \/>Cuando se acercaba la Navidad, Santa Claus sol\u00eda venir al lugar donde viv\u00eda Rudolph , para elegir algunos renos para tirar de su trineo. El m\u00e1s fuerte era elegido como el l\u00edder general.<br \/>Una noche, justo antes de Navidad, Santa Claus empez\u00f3 a elegir los renos. Fue una noche muy nublada y no se pod\u00eda casi ver nada. Mirando a trav\u00e9s de la niebla, Santa grit\u00f3:<br \/>&#8211; Quiero a los renos Dasher, Dancer, Prancer, Vixen, Cometa, Cupido, Donder y Blitzen. Ellos pueden tirar de mi trineo esta noche mientras entregan los regalos de Navidad a los ni\u00f1os y ni\u00f1as de todo el mundo.<br \/>Los ocho renos dieron un paso adelante con mucho orgullo y empezaron a prepararse para el viaje. Pero, de repente Santa, mientras se ocupada de cargar de regalos a su trineo, dijo:<br \/>&#8211; \u00a1Esperen un minuto! Esta niebla es tan espesa que tendremos que llevar una l\u00e1mpara. Pero, \u00bfc\u00f3mo puedo atar una l\u00e1mpara en el primer reno?<br \/>En ese momento, Santa vio a Rudolph , que estaba de pie por s\u00ed mismo detr\u00e1s de un \u00e1rbol. En realidad, \u00e9l se fijo en la nariz roja de Rudolph, la cual estaba brillando intensamente. Y dijo:<br \/>&#8211; Ven aqu\u00ed, Rudolph. Tu puedes guiar mi trineo esta noche. No nos perderemos en la niebla si vas primero para mostrarnos el camino.<br \/>&#8211; \u00a1Qu\u00e9 buena idea!, &#8211; gritaron todos los renos &#8211; Ven y prep\u00e1rate, Rudolph.<br \/>Tan pronto como todo estaba preparado, Santa parti\u00f3 para entregar sus regalos. Frente a los ocho renos que tiraban del trineo iba Rudolph, con su brillante nariz roja, alumbrando en la niebla.<br \/>Despu\u00e9s de eso, nadie se ri\u00f3 de \u00e9l otra vez, porque \u00e9l hab\u00eda ayudado a Santa Claus en una situaci\u00f3n muy dif\u00edcil. Todo el mundo quer\u00eda jugar con \u00e9l y ser su amigo, por lo que Rudolph nunca estuvo solo otra vez.<\/p>\n<p>FIN<\/p>\n","protected":false},"excerpt":{"rendered":"<p>\u00c9rase una vez un peque\u00f1o reno llamado Rudolph que viv\u00eda muy lejos, junto con muchos otros renos, en un lugar cercano al Polo Norte.Rudolph era un reno un poco t\u00edmido y no ten\u00eda ning\u00fan amigo. El problema era que ten\u00eda una nariz muy, muy roja, mientras los dem\u00e1s renos ten\u00edan nariz marr\u00f3n.La nariz de Rudolph [&hellip;]<\/p>\n","protected":false},"author":8,"featured_media":2965,"comment_status":"closed","ping_status":"closed","sticky":false,"template":"","format":"standard","meta":{"_acf_changed":false,"footnotes":""},"categories":[14],"tags":[],"class_list":["post-4778","post","type-post","status-publish","format-standard","has-post-thumbnail","hentry","category-sin-categoria"],"acf":[],"yoast_head":"<!-- This site is optimized with the Yoast SEO Premium plugin v27.3 (Yoast SEO v27.3) - https:\/\/yoast.com\/product\/yoast-seo-premium-wordpress\/ -->\n<title>El blanco tambi\u00e9n es un color - evolution-europe<\/title>\n<meta name=\"robots\" content=\"index, follow, max-snippet:-1, max-image-preview:large, max-video-preview:-1\" \/>\n<link rel=\"canonical\" href=\"https:\/\/evolutioneurope.eu\/es\/blog\/el-blanco-tambien-es-un-color\/\" \/>\n<meta property=\"og:locale\" content=\"es_ES\" \/>\n<meta property=\"og:type\" content=\"article\" \/>\n<meta property=\"og:title\" content=\"El blanco tambi\u00e9n es un color\" \/>\n<meta property=\"og:description\" content=\"\u00c9rase una vez un peque\u00f1o reno llamado Rudolph que viv\u00eda muy lejos, junto con muchos otros renos, en un lugar cercano al Polo Norte.Rudolph era un reno un poco t\u00edmido y no ten\u00eda ning\u00fan amigo. El problema era que ten\u00eda una nariz muy, muy roja, mientras los dem\u00e1s renos ten\u00edan nariz marr\u00f3n.La nariz de Rudolph [&hellip;]\" \/>\n<meta property=\"og:url\" content=\"https:\/\/evolutioneurope.eu\/es\/blog\/el-blanco-tambien-es-un-color\/\" \/>\n<meta property=\"og:site_name\" content=\"evolution-europe\" \/>\n<meta property=\"article:published_time\" content=\"2020-05-01T12:00:19+00:00\" \/>\n<meta property=\"og:image\" content=\"https:\/\/evolutioneurope.eu\/wp-content\/uploads\/2025\/10\/post_gymkana_featured-1.jpg\" \/>\n\t<meta property=\"og:image:width\" content=\"1080\" \/>\n\t<meta property=\"og:image:height\" content=\"675\" \/>\n\t<meta property=\"og:image:type\" content=\"image\/jpeg\" \/>\n<meta name=\"author\" content=\"developer\" \/>\n<meta name=\"twitter:card\" content=\"summary_large_image\" \/>\n<meta name=\"twitter:label1\" content=\"Written by\" \/>\n\t<meta name=\"twitter:data1\" content=\"developer\" \/>\n\t<meta name=\"twitter:label2\" content=\"Est. reading time\" \/>\n\t<meta name=\"twitter:data2\" content=\"2 minutes\" \/>\n<script type=\"application\/ld+json\" class=\"yoast-schema-graph\">{\"@context\":\"https:\\\/\\\/schema.org\",\"@graph\":[{\"@type\":\"Article\",\"@id\":\"https:\\\/\\\/evolutioneurope.eu\\\/es\\\/blog\\\/el-blanco-tambien-es-un-color\\\/#article\",\"isPartOf\":{\"@id\":\"https:\\\/\\\/evolutioneurope.eu\\\/es\\\/blog\\\/el-blanco-tambien-es-un-color\\\/\"},\"author\":{\"name\":\"developer\",\"@id\":\"https:\\\/\\\/evolutioneurope.eu\\\/es\\\/#\\\/schema\\\/person\\\/b67d6c1466b28465ad3ac3496ae3f15a\"},\"headline\":\"El blanco tambi\u00e9n es un color\",\"datePublished\":\"2020-05-01T12:00:19+00:00\",\"mainEntityOfPage\":{\"@id\":\"https:\\\/\\\/evolutioneurope.eu\\\/es\\\/blog\\\/el-blanco-tambien-es-un-color\\\/\"},\"wordCount\":465,\"publisher\":{\"@id\":\"https:\\\/\\\/evolutioneurope.eu\\\/es\\\/#organization\"},\"image\":{\"@id\":\"https:\\\/\\\/evolutioneurope.eu\\\/es\\\/blog\\\/el-blanco-tambien-es-un-color\\\/#primaryimage\"},\"thumbnailUrl\":\"https:\\\/\\\/evolutioneurope.eu\\\/wp-content\\\/uploads\\\/2025\\\/10\\\/post_gymkana_featured-1.jpg\",\"articleSection\":[\"Sin categor\u00eda\"],\"inLanguage\":\"es\"},{\"@type\":\"WebPage\",\"@id\":\"https:\\\/\\\/evolutioneurope.eu\\\/es\\\/blog\\\/el-blanco-tambien-es-un-color\\\/\",\"url\":\"https:\\\/\\\/evolutioneurope.eu\\\/es\\\/blog\\\/el-blanco-tambien-es-un-color\\\/\",\"name\":\"El blanco tambi\u00e9n es un color - evolution-europe\",\"isPartOf\":{\"@id\":\"https:\\\/\\\/evolutioneurope.eu\\\/es\\\/#website\"},\"primaryImageOfPage\":{\"@id\":\"https:\\\/\\\/evolutioneurope.eu\\\/es\\\/blog\\\/el-blanco-tambien-es-un-color\\\/#primaryimage\"},\"image\":{\"@id\":\"https:\\\/\\\/evolutioneurope.eu\\\/es\\\/blog\\\/el-blanco-tambien-es-un-color\\\/#primaryimage\"},\"thumbnailUrl\":\"https:\\\/\\\/evolutioneurope.eu\\\/wp-content\\\/uploads\\\/2025\\\/10\\\/post_gymkana_featured-1.jpg\",\"datePublished\":\"2020-05-01T12:00:19+00:00\",\"breadcrumb\":{\"@id\":\"https:\\\/\\\/evolutioneurope.eu\\\/es\\\/blog\\\/el-blanco-tambien-es-un-color\\\/#breadcrumb\"},\"inLanguage\":\"es\",\"potentialAction\":[{\"@type\":\"ReadAction\",\"target\":[\"https:\\\/\\\/evolutioneurope.eu\\\/es\\\/blog\\\/el-blanco-tambien-es-un-color\\\/\"]}]},{\"@type\":\"ImageObject\",\"inLanguage\":\"es\",\"@id\":\"https:\\\/\\\/evolutioneurope.eu\\\/es\\\/blog\\\/el-blanco-tambien-es-un-color\\\/#primaryimage\",\"url\":\"https:\\\/\\\/evolutioneurope.eu\\\/wp-content\\\/uploads\\\/2025\\\/10\\\/post_gymkana_featured-1.jpg\",\"contentUrl\":\"https:\\\/\\\/evolutioneurope.eu\\\/wp-content\\\/uploads\\\/2025\\\/10\\\/post_gymkana_featured-1.jpg\",\"width\":1080,\"height\":675},{\"@type\":\"BreadcrumbList\",\"@id\":\"https:\\\/\\\/evolutioneurope.eu\\\/es\\\/blog\\\/el-blanco-tambien-es-un-color\\\/#breadcrumb\",\"itemListElement\":[{\"@type\":\"ListItem\",\"position\":1,\"name\":\"Home\",\"item\":\"https:\\\/\\\/evolutioneurope.eu\\\/es\\\/\"},{\"@type\":\"ListItem\",\"position\":2,\"name\":\"El blanco tambi\u00e9n es un color\"}]},{\"@type\":\"WebSite\",\"@id\":\"https:\\\/\\\/evolutioneurope.eu\\\/es\\\/#website\",\"url\":\"https:\\\/\\\/evolutioneurope.eu\\\/es\\\/\",\"name\":\"evolution-europe\",\"description\":\"\",\"publisher\":{\"@id\":\"https:\\\/\\\/evolutioneurope.eu\\\/es\\\/#organization\"},\"potentialAction\":[{\"@type\":\"SearchAction\",\"target\":{\"@type\":\"EntryPoint\",\"urlTemplate\":\"https:\\\/\\\/evolutioneurope.eu\\\/es\\\/?s={search_term_string}\"},\"query-input\":{\"@type\":\"PropertyValueSpecification\",\"valueRequired\":true,\"valueName\":\"search_term_string\"}}],\"inLanguage\":\"es\"},{\"@type\":\"Organization\",\"@id\":\"https:\\\/\\\/evolutioneurope.eu\\\/es\\\/#organization\",\"name\":\"Evolution Europe\",\"url\":\"https:\\\/\\\/evolutioneurope.eu\\\/es\\\/\",\"logo\":{\"@type\":\"ImageObject\",\"inLanguage\":\"es\",\"@id\":\"https:\\\/\\\/evolutioneurope.eu\\\/es\\\/#\\\/schema\\\/logo\\\/image\\\/\",\"url\":\"https:\\\/\\\/evolutioneurope.eu\\\/wp-content\\\/uploads\\\/2026\\\/04\\\/social-share-image-2000x1600-1.jpg\",\"contentUrl\":\"https:\\\/\\\/evolutioneurope.eu\\\/wp-content\\\/uploads\\\/2026\\\/04\\\/social-share-image-2000x1600-1.jpg\",\"width\":2000,\"height\":1600,\"caption\":\"Evolution Europe\"},\"image\":{\"@id\":\"https:\\\/\\\/evolutioneurope.eu\\\/es\\\/#\\\/schema\\\/logo\\\/image\\\/\"}},{\"@type\":\"Person\",\"@id\":\"https:\\\/\\\/evolutioneurope.eu\\\/es\\\/#\\\/schema\\\/person\\\/b67d6c1466b28465ad3ac3496ae3f15a\",\"name\":\"developer\",\"image\":{\"@type\":\"ImageObject\",\"inLanguage\":\"es\",\"@id\":\"https:\\\/\\\/secure.gravatar.com\\\/avatar\\\/87924606b4131a8aceeeae8868531fbb9712aaa07a5d3a756b26ce0f5d6ca674?s=96&d=mm&r=g\",\"url\":\"https:\\\/\\\/secure.gravatar.com\\\/avatar\\\/87924606b4131a8aceeeae8868531fbb9712aaa07a5d3a756b26ce0f5d6ca674?s=96&d=mm&r=g\",\"contentUrl\":\"https:\\\/\\\/secure.gravatar.com\\\/avatar\\\/87924606b4131a8aceeeae8868531fbb9712aaa07a5d3a756b26ce0f5d6ca674?s=96&d=mm&r=g\",\"caption\":\"developer\"}}]}<\/script>\n<!-- \/ Yoast SEO Premium plugin. -->","yoast_head_json":{"title":"El blanco tambi\u00e9n es un color - evolution-europe","robots":{"index":"index","follow":"follow","max-snippet":"max-snippet:-1","max-image-preview":"max-image-preview:large","max-video-preview":"max-video-preview:-1"},"canonical":"https:\/\/evolutioneurope.eu\/es\/blog\/el-blanco-tambien-es-un-color\/","og_locale":"es_ES","og_type":"article","og_title":"El blanco tambi\u00e9n es un color","og_description":"\u00c9rase una vez un peque\u00f1o reno llamado Rudolph que viv\u00eda muy lejos, junto con muchos otros renos, en un lugar cercano al Polo Norte.Rudolph era un reno un poco t\u00edmido y no ten\u00eda ning\u00fan amigo. El problema era que ten\u00eda una nariz muy, muy roja, mientras los dem\u00e1s renos ten\u00edan nariz marr\u00f3n.La nariz de Rudolph [&hellip;]","og_url":"https:\/\/evolutioneurope.eu\/es\/blog\/el-blanco-tambien-es-un-color\/","og_site_name":"evolution-europe","article_published_time":"2020-05-01T12:00:19+00:00","og_image":[{"width":1080,"height":675,"url":"https:\/\/evolutioneurope.eu\/wp-content\/uploads\/2025\/10\/post_gymkana_featured-1.jpg","type":"image\/jpeg"}],"author":"developer","twitter_card":"summary_large_image","twitter_misc":{"Written by":"developer","Est. reading time":"2 minutes"},"schema":{"@context":"https:\/\/schema.org","@graph":[{"@type":"Article","@id":"https:\/\/evolutioneurope.eu\/es\/blog\/el-blanco-tambien-es-un-color\/#article","isPartOf":{"@id":"https:\/\/evolutioneurope.eu\/es\/blog\/el-blanco-tambien-es-un-color\/"},"author":{"name":"developer","@id":"https:\/\/evolutioneurope.eu\/es\/#\/schema\/person\/b67d6c1466b28465ad3ac3496ae3f15a"},"headline":"El blanco tambi\u00e9n es un color","datePublished":"2020-05-01T12:00:19+00:00","mainEntityOfPage":{"@id":"https:\/\/evolutioneurope.eu\/es\/blog\/el-blanco-tambien-es-un-color\/"},"wordCount":465,"publisher":{"@id":"https:\/\/evolutioneurope.eu\/es\/#organization"},"image":{"@id":"https:\/\/evolutioneurope.eu\/es\/blog\/el-blanco-tambien-es-un-color\/#primaryimage"},"thumbnailUrl":"https:\/\/evolutioneurope.eu\/wp-content\/uploads\/2025\/10\/post_gymkana_featured-1.jpg","articleSection":["Sin categor\u00eda"],"inLanguage":"es"},{"@type":"WebPage","@id":"https:\/\/evolutioneurope.eu\/es\/blog\/el-blanco-tambien-es-un-color\/","url":"https:\/\/evolutioneurope.eu\/es\/blog\/el-blanco-tambien-es-un-color\/","name":"El blanco tambi\u00e9n es un color - evolution-europe","isPartOf":{"@id":"https:\/\/evolutioneurope.eu\/es\/#website"},"primaryImageOfPage":{"@id":"https:\/\/evolutioneurope.eu\/es\/blog\/el-blanco-tambien-es-un-color\/#primaryimage"},"image":{"@id":"https:\/\/evolutioneurope.eu\/es\/blog\/el-blanco-tambien-es-un-color\/#primaryimage"},"thumbnailUrl":"https:\/\/evolutioneurope.eu\/wp-content\/uploads\/2025\/10\/post_gymkana_featured-1.jpg","datePublished":"2020-05-01T12:00:19+00:00","breadcrumb":{"@id":"https:\/\/evolutioneurope.eu\/es\/blog\/el-blanco-tambien-es-un-color\/#breadcrumb"},"inLanguage":"es","potentialAction":[{"@type":"ReadAction","target":["https:\/\/evolutioneurope.eu\/es\/blog\/el-blanco-tambien-es-un-color\/"]}]},{"@type":"ImageObject","inLanguage":"es","@id":"https:\/\/evolutioneurope.eu\/es\/blog\/el-blanco-tambien-es-un-color\/#primaryimage","url":"https:\/\/evolutioneurope.eu\/wp-content\/uploads\/2025\/10\/post_gymkana_featured-1.jpg","contentUrl":"https:\/\/evolutioneurope.eu\/wp-content\/uploads\/2025\/10\/post_gymkana_featured-1.jpg","width":1080,"height":675},{"@type":"BreadcrumbList","@id":"https:\/\/evolutioneurope.eu\/es\/blog\/el-blanco-tambien-es-un-color\/#breadcrumb","itemListElement":[{"@type":"ListItem","position":1,"name":"Home","item":"https:\/\/evolutioneurope.eu\/es\/"},{"@type":"ListItem","position":2,"name":"El blanco tambi\u00e9n es un color"}]},{"@type":"WebSite","@id":"https:\/\/evolutioneurope.eu\/es\/#website","url":"https:\/\/evolutioneurope.eu\/es\/","name":"evolution-europe","description":"","publisher":{"@id":"https:\/\/evolutioneurope.eu\/es\/#organization"},"potentialAction":[{"@type":"SearchAction","target":{"@type":"EntryPoint","urlTemplate":"https:\/\/evolutioneurope.eu\/es\/?s={search_term_string}"},"query-input":{"@type":"PropertyValueSpecification","valueRequired":true,"valueName":"search_term_string"}}],"inLanguage":"es"},{"@type":"Organization","@id":"https:\/\/evolutioneurope.eu\/es\/#organization","name":"Evolution Europe","url":"https:\/\/evolutioneurope.eu\/es\/","logo":{"@type":"ImageObject","inLanguage":"es","@id":"https:\/\/evolutioneurope.eu\/es\/#\/schema\/logo\/image\/","url":"https:\/\/evolutioneurope.eu\/wp-content\/uploads\/2026\/04\/social-share-image-2000x1600-1.jpg","contentUrl":"https:\/\/evolutioneurope.eu\/wp-content\/uploads\/2026\/04\/social-share-image-2000x1600-1.jpg","width":2000,"height":1600,"caption":"Evolution Europe"},"image":{"@id":"https:\/\/evolutioneurope.eu\/es\/#\/schema\/logo\/image\/"}},{"@type":"Person","@id":"https:\/\/evolutioneurope.eu\/es\/#\/schema\/person\/b67d6c1466b28465ad3ac3496ae3f15a","name":"developer","image":{"@type":"ImageObject","inLanguage":"es","@id":"https:\/\/secure.gravatar.com\/avatar\/87924606b4131a8aceeeae8868531fbb9712aaa07a5d3a756b26ce0f5d6ca674?s=96&d=mm&r=g","url":"https:\/\/secure.gravatar.com\/avatar\/87924606b4131a8aceeeae8868531fbb9712aaa07a5d3a756b26ce0f5d6ca674?s=96&d=mm&r=g","contentUrl":"https:\/\/secure.gravatar.com\/avatar\/87924606b4131a8aceeeae8868531fbb9712aaa07a5d3a756b26ce0f5d6ca674?s=96&d=mm&r=g","caption":"developer"}}]}},"_links":{"self":[{"href":"https:\/\/evolutioneurope.eu\/es\/wp-json\/wp\/v2\/posts\/4778","targetHints":{"allow":["GET"]}}],"collection":[{"href":"https:\/\/evolutioneurope.eu\/es\/wp-json\/wp\/v2\/posts"}],"about":[{"href":"https:\/\/evolutioneurope.eu\/es\/wp-json\/wp\/v2\/types\/post"}],"author":[{"embeddable":true,"href":"https:\/\/evolutioneurope.eu\/es\/wp-json\/wp\/v2\/users\/8"}],"replies":[{"embeddable":true,"href":"https:\/\/evolutioneurope.eu\/es\/wp-json\/wp\/v2\/comments?post=4778"}],"version-history":[{"count":0,"href":"https:\/\/evolutioneurope.eu\/es\/wp-json\/wp\/v2\/posts\/4778\/revisions"}],"wp:featuredmedia":[{"embeddable":true,"href":"https:\/\/evolutioneurope.eu\/es\/wp-json\/wp\/v2\/media\/2965"}],"wp:attachment":[{"href":"https:\/\/evolutioneurope.eu\/es\/wp-json\/wp\/v2\/media?parent=4778"}],"wp:term":[{"taxonomy":"category","embeddable":true,"href":"https:\/\/evolutioneurope.eu\/es\/wp-json\/wp\/v2\/categories?post=4778"},{"taxonomy":"post_tag","embeddable":true,"href":"https:\/\/evolutioneurope.eu\/es\/wp-json\/wp\/v2\/tags?post=4778"}],"curies":[{"name":"wp","href":"https:\/\/api.w.org\/{rel}","templated":true}]}}