{"id":4764,"date":"2019-08-27T13:01:46","date_gmt":"2019-08-27T13:01:46","guid":{"rendered":"https:\/\/mmevost.wpenginepowered.com\/blog\/transformacion-digital-oportunidad-reto\/"},"modified":"2019-08-27T13:01:46","modified_gmt":"2019-08-27T13:01:46","slug":"transformacion-digital-oportunidad-reto","status":"publish","type":"post","link":"https:\/\/evolutioneurope.eu\/es\/blog\/transformacion-digital-oportunidad-reto\/","title":{"rendered":"Transformaci\u00f3n digital: oportunidad y reto"},"content":{"rendered":"<p><span style=\"font-weight: 400;\">En el contexto en el que nos encontramos, las empresas compiten en un mundo digital, hiperconectado y globalizado. Esto ha supuesto un cambio social y tecnol\u00f3gico al que las organizaciones tienen que adaptarse tanto a nivel interno como externo. Ser digital ya no es una opci\u00f3n.<\/span><\/p>\n<p><span style=\"font-weight: 400;\">Sin embargo, del informe \u201cLa digitalizaci\u00f3n como palanca de competitividad de la pyme\u201d, realizado por la C\u00e1mara de Comercio de Espa\u00f1a, se puede extraer que las empresas a\u00fan tienen mucho recorrido para alcanzar un mayor nivel de digitalizaci\u00f3n.<\/span><\/p>\n<h3 class=\"sk-text--h5\"><strong>Factores clave en el proceso<\/strong><\/h3>\n<p><span style=\"font-weight: 400;\">La transformaci\u00f3n digital, como concepto, suena bien, pero en la pr\u00e1ctica supone un proceso constante de transformaci\u00f3n a todos los niveles de la empresa.<\/span><\/p>\n<p><span style=\"font-weight: 400;\">El punto de partida debe ser, como en todo proceso de cambio, el establecimiento de objetivos y la definici\u00f3n de un plan de acci\u00f3n progresivo a ejecutar en funci\u00f3n de las prioridades de la empresa.<\/span><\/p>\n<p><span style=\"font-weight: 400;\">Para que este cambio se produzca, las personas juegan un papel fundamental. Los l\u00edderes de la organizaci\u00f3n deben estar comprometidos con la digitalizaci\u00f3n de la empresa y deben transmitir este cambio cultural y organizacional a sus equipos. Involucrar a todos los trabajadores en el proceso, hacerles part\u00edcipes de los cambios y comunicar internamente c\u00f3mo les va a afectar ser\u00e1 decisivo para que la transformaci\u00f3n digital se pueda implementar con \u00e9xito.<\/span><\/p>\n<p><span style=\"font-weight: 400;\">Por \u00faltimo, cabe destacar la importancia de alinear la tecnolog\u00eda con la estrategia y los procesos para poder conseguir los objetivos digitales y organizacionales.<\/span><\/p>\n<h3 class=\"sk-text--h5\">\u00bfCu\u00e1les son sus resultados?<\/h3>\n<p><span style=\"font-weight: 400;\">Aunque sea un proceso constante, los resultados se van materializando d\u00eda a d\u00eda. De esta forma y poco a poco:<\/span><\/p>\n<ul>\n<li><span style=\"font-weight: 400;\">Mejora la transferencia de la informaci\u00f3n, tanto interna como externa, puesto que permite establecer canales de comunicaci\u00f3n y de trabajo comunes.<\/span><\/li>\n<li><span style=\"font-weight: 400;\">Facilita la creaci\u00f3n de nuevos procesos y su implementaci\u00f3n de forma m\u00e1s eficiente en toda la organizaci\u00f3n.<\/span><\/li>\n<li><span style=\"font-weight: 400;\">Se desarrollan nuevas t\u00e9cnicas y habilidades que repercuten positivamente en el crecimiento del equipo. En este sentido, el nivel de digitalizaci\u00f3n de las empresas es uno de los factores clave en la satisfacci\u00f3n interna de los trabajadores.<\/span><\/li>\n<li><span style=\"font-weight: 400;\">Mejora la experiencia del cliente, entre otras cosas porque permite ponerlo en el centro de la estrategia, analizando sus necesidades y adaptando los servicios a estas.<\/span><\/li>\n<li><span style=\"font-weight: 400;\">Anula (o minimiza) la barrera de la distancia de forma que ya no importa d\u00f3nde se localiza tu compa\u00f1ero o cliente para poder colaborar con \u00e9l.<\/span><\/li>\n<li><span style=\"font-weight: 400;\">Todo ello repercute en una mejora de la competitividad y supone un cambio en la cultura de la organizaci\u00f3n, tanto estrat\u00e9gico como operativo.<\/span><\/li>\n<\/ul>\n<h3 class=\"sk-text--h5\">Digital Evolution<\/h3>\n<p><span style=\"font-weight: 400;\">En el caso de Evolution, el crecimiento del equipo, la internacionalizaci\u00f3n de nuestros servicios y la coordinaci\u00f3n de trabajadores deslocalizados hizo cada vez m\u00e1s necesaria la digitalizaci\u00f3n de la empresa, tanto con objetivos internos (comunicaci\u00f3n y trabajo en equipo) como externos (mejor servicio de cara a nuestros clientes).<\/span><\/p>\n<p><span style=\"font-weight: 400;\">Esto nos hizo plantear la implementaci\u00f3n de un software de gesti\u00f3n empresarial que aglutinase la informaci\u00f3n que durante a\u00f1os la empresa hab\u00eda ido generando en un \u00fanico canal y con unas pautas comunes. Entonces nos dimos cuenta de que lo importante no era la tecnolog\u00eda en s\u00ed, sino c\u00f3mo esa tecnolog\u00eda ayuda a tomar decisiones y a conseguir nuestros objetivos.<\/span><\/p>\n<p><span style=\"font-weight: 400;\">Nuestro proceso de transformaci\u00f3n digital nos ha ayudado a evolucionar como organizaci\u00f3n, pero por supuesto a\u00fan nos queda mucho por aprender.<\/span><\/p>\n","protected":false},"excerpt":{"rendered":"<p>En el contexto en el que nos encontramos, las empresas compiten en un mundo digital, hiperconectado y globalizado. Esto ha supuesto un cambio social y tecnol\u00f3gico al que las organizaciones tienen que adaptarse tanto a nivel interno como externo. Ser digital ya no es una opci\u00f3n. Sin embargo, del informe \u201cLa digitalizaci\u00f3n como palanca de [&hellip;]<\/p>\n","protected":false},"author":8,"featured_media":2913,"comment_status":"","ping_status":"","sticky":false,"template":"","format":"standard","meta":{"_acf_changed":false,"footnotes":""},"categories":[76],"tags":[],"class_list":["post-4764","post","type-post","status-publish","format-standard","has-post-thumbnail","hentry","category-blog-nosotros"],"acf":[],"yoast_head":"<!-- This site is optimized with the Yoast SEO Premium plugin v27.3 (Yoast SEO v27.3) - https:\/\/yoast.com\/product\/yoast-seo-premium-wordpress\/ -->\n<title>Transformaci\u00f3n digital: oportunidad y reto - evolution-europe<\/title>\n<meta name=\"robots\" content=\"index, follow, max-snippet:-1, max-image-preview:large, max-video-preview:-1\" \/>\n<link rel=\"canonical\" href=\"https:\/\/evolutioneurope.eu\/es\/blog\/transformacion-digital-oportunidad-reto\/\" \/>\n<meta property=\"og:locale\" content=\"es_ES\" \/>\n<meta property=\"og:type\" content=\"article\" \/>\n<meta property=\"og:title\" content=\"Transformaci\u00f3n digital: oportunidad y reto\" \/>\n<meta property=\"og:description\" content=\"En el contexto en el que nos encontramos, las empresas compiten en un mundo digital, hiperconectado y globalizado. Esto ha supuesto un cambio social y tecnol\u00f3gico al que las organizaciones tienen que adaptarse tanto a nivel interno como externo. Ser digital ya no es una opci\u00f3n. Sin embargo, del informe \u201cLa digitalizaci\u00f3n como palanca de [&hellip;]\" \/>\n<meta property=\"og:url\" content=\"https:\/\/evolutioneurope.eu\/es\/blog\/transformacion-digital-oportunidad-reto\/\" \/>\n<meta property=\"og:site_name\" content=\"evolution-europe\" \/>\n<meta property=\"article:published_time\" content=\"2019-08-27T13:01:46+00:00\" \/>\n<meta property=\"og:image\" content=\"https:\/\/evolutioneurope.eu\/wp-content\/uploads\/2025\/10\/digital-transformation.jpg\" \/>\n\t<meta property=\"og:image:width\" content=\"1200\" \/>\n\t<meta property=\"og:image:height\" content=\"854\" \/>\n\t<meta property=\"og:image:type\" content=\"image\/jpeg\" \/>\n<meta name=\"author\" content=\"developer\" \/>\n<meta name=\"twitter:card\" content=\"summary_large_image\" \/>\n<meta name=\"twitter:label1\" content=\"Written by\" \/>\n\t<meta name=\"twitter:data1\" content=\"developer\" \/>\n\t<meta name=\"twitter:label2\" content=\"Est. reading time\" \/>\n\t<meta name=\"twitter:data2\" content=\"3 minutes\" \/>\n<script type=\"application\/ld+json\" class=\"yoast-schema-graph\">{\"@context\":\"https:\\\/\\\/schema.org\",\"@graph\":[{\"@type\":\"Article\",\"@id\":\"https:\\\/\\\/evolutioneurope.eu\\\/es\\\/blog\\\/transformacion-digital-oportunidad-reto\\\/#article\",\"isPartOf\":{\"@id\":\"https:\\\/\\\/evolutioneurope.eu\\\/es\\\/blog\\\/transformacion-digital-oportunidad-reto\\\/\"},\"author\":{\"name\":\"developer\",\"@id\":\"https:\\\/\\\/evolutioneurope.eu\\\/es\\\/#\\\/schema\\\/person\\\/b67d6c1466b28465ad3ac3496ae3f15a\"},\"headline\":\"Transformaci\u00f3n digital: oportunidad y reto\",\"datePublished\":\"2019-08-27T13:01:46+00:00\",\"mainEntityOfPage\":{\"@id\":\"https:\\\/\\\/evolutioneurope.eu\\\/es\\\/blog\\\/transformacion-digital-oportunidad-reto\\\/\"},\"wordCount\":605,\"publisher\":{\"@id\":\"https:\\\/\\\/evolutioneurope.eu\\\/es\\\/#organization\"},\"image\":{\"@id\":\"https:\\\/\\\/evolutioneurope.eu\\\/es\\\/blog\\\/transformacion-digital-oportunidad-reto\\\/#primaryimage\"},\"thumbnailUrl\":\"https:\\\/\\\/evolutioneurope.eu\\\/wp-content\\\/uploads\\\/2025\\\/10\\\/digital-transformation.jpg\",\"articleSection\":[\"Nosotros\"],\"inLanguage\":\"es\"},{\"@type\":\"WebPage\",\"@id\":\"https:\\\/\\\/evolutioneurope.eu\\\/es\\\/blog\\\/transformacion-digital-oportunidad-reto\\\/\",\"url\":\"https:\\\/\\\/evolutioneurope.eu\\\/es\\\/blog\\\/transformacion-digital-oportunidad-reto\\\/\",\"name\":\"Transformaci\u00f3n digital: oportunidad y reto - evolution-europe\",\"isPartOf\":{\"@id\":\"https:\\\/\\\/evolutioneurope.eu\\\/es\\\/#website\"},\"primaryImageOfPage\":{\"@id\":\"https:\\\/\\\/evolutioneurope.eu\\\/es\\\/blog\\\/transformacion-digital-oportunidad-reto\\\/#primaryimage\"},\"image\":{\"@id\":\"https:\\\/\\\/evolutioneurope.eu\\\/es\\\/blog\\\/transformacion-digital-oportunidad-reto\\\/#primaryimage\"},\"thumbnailUrl\":\"https:\\\/\\\/evolutioneurope.eu\\\/wp-content\\\/uploads\\\/2025\\\/10\\\/digital-transformation.jpg\",\"datePublished\":\"2019-08-27T13:01:46+00:00\",\"breadcrumb\":{\"@id\":\"https:\\\/\\\/evolutioneurope.eu\\\/es\\\/blog\\\/transformacion-digital-oportunidad-reto\\\/#breadcrumb\"},\"inLanguage\":\"es\",\"potentialAction\":[{\"@type\":\"ReadAction\",\"target\":[\"https:\\\/\\\/evolutioneurope.eu\\\/es\\\/blog\\\/transformacion-digital-oportunidad-reto\\\/\"]}]},{\"@type\":\"ImageObject\",\"inLanguage\":\"es\",\"@id\":\"https:\\\/\\\/evolutioneurope.eu\\\/es\\\/blog\\\/transformacion-digital-oportunidad-reto\\\/#primaryimage\",\"url\":\"https:\\\/\\\/evolutioneurope.eu\\\/wp-content\\\/uploads\\\/2025\\\/10\\\/digital-transformation.jpg\",\"contentUrl\":\"https:\\\/\\\/evolutioneurope.eu\\\/wp-content\\\/uploads\\\/2025\\\/10\\\/digital-transformation.jpg\",\"width\":1200,\"height\":854},{\"@type\":\"BreadcrumbList\",\"@id\":\"https:\\\/\\\/evolutioneurope.eu\\\/es\\\/blog\\\/transformacion-digital-oportunidad-reto\\\/#breadcrumb\",\"itemListElement\":[{\"@type\":\"ListItem\",\"position\":1,\"name\":\"Home\",\"item\":\"https:\\\/\\\/evolutioneurope.eu\\\/es\\\/\"},{\"@type\":\"ListItem\",\"position\":2,\"name\":\"Transformaci\u00f3n digital: oportunidad y reto\"}]},{\"@type\":\"WebSite\",\"@id\":\"https:\\\/\\\/evolutioneurope.eu\\\/es\\\/#website\",\"url\":\"https:\\\/\\\/evolutioneurope.eu\\\/es\\\/\",\"name\":\"evolution-europe\",\"description\":\"\",\"publisher\":{\"@id\":\"https:\\\/\\\/evolutioneurope.eu\\\/es\\\/#organization\"},\"potentialAction\":[{\"@type\":\"SearchAction\",\"target\":{\"@type\":\"EntryPoint\",\"urlTemplate\":\"https:\\\/\\\/evolutioneurope.eu\\\/es\\\/?s={search_term_string}\"},\"query-input\":{\"@type\":\"PropertyValueSpecification\",\"valueRequired\":true,\"valueName\":\"search_term_string\"}}],\"inLanguage\":\"es\"},{\"@type\":\"Organization\",\"@id\":\"https:\\\/\\\/evolutioneurope.eu\\\/es\\\/#organization\",\"name\":\"Evolution Europe\",\"url\":\"https:\\\/\\\/evolutioneurope.eu\\\/es\\\/\",\"logo\":{\"@type\":\"ImageObject\",\"inLanguage\":\"es\",\"@id\":\"https:\\\/\\\/evolutioneurope.eu\\\/es\\\/#\\\/schema\\\/logo\\\/image\\\/\",\"url\":\"https:\\\/\\\/evolutioneurope.eu\\\/wp-content\\\/uploads\\\/2026\\\/04\\\/social-share-image-2000x1600-1.jpg\",\"contentUrl\":\"https:\\\/\\\/evolutioneurope.eu\\\/wp-content\\\/uploads\\\/2026\\\/04\\\/social-share-image-2000x1600-1.jpg\",\"width\":2000,\"height\":1600,\"caption\":\"Evolution Europe\"},\"image\":{\"@id\":\"https:\\\/\\\/evolutioneurope.eu\\\/es\\\/#\\\/schema\\\/logo\\\/image\\\/\"}},{\"@type\":\"Person\",\"@id\":\"https:\\\/\\\/evolutioneurope.eu\\\/es\\\/#\\\/schema\\\/person\\\/b67d6c1466b28465ad3ac3496ae3f15a\",\"name\":\"developer\",\"image\":{\"@type\":\"ImageObject\",\"inLanguage\":\"es\",\"@id\":\"https:\\\/\\\/secure.gravatar.com\\\/avatar\\\/87924606b4131a8aceeeae8868531fbb9712aaa07a5d3a756b26ce0f5d6ca674?s=96&d=mm&r=g\",\"url\":\"https:\\\/\\\/secure.gravatar.com\\\/avatar\\\/87924606b4131a8aceeeae8868531fbb9712aaa07a5d3a756b26ce0f5d6ca674?s=96&d=mm&r=g\",\"contentUrl\":\"https:\\\/\\\/secure.gravatar.com\\\/avatar\\\/87924606b4131a8aceeeae8868531fbb9712aaa07a5d3a756b26ce0f5d6ca674?s=96&d=mm&r=g\",\"caption\":\"developer\"}}]}<\/script>\n<!-- \/ Yoast SEO Premium plugin. -->","yoast_head_json":{"title":"Transformaci\u00f3n digital: oportunidad y reto - evolution-europe","robots":{"index":"index","follow":"follow","max-snippet":"max-snippet:-1","max-image-preview":"max-image-preview:large","max-video-preview":"max-video-preview:-1"},"canonical":"https:\/\/evolutioneurope.eu\/es\/blog\/transformacion-digital-oportunidad-reto\/","og_locale":"es_ES","og_type":"article","og_title":"Transformaci\u00f3n digital: oportunidad y reto","og_description":"En el contexto en el que nos encontramos, las empresas compiten en un mundo digital, hiperconectado y globalizado. Esto ha supuesto un cambio social y tecnol\u00f3gico al que las organizaciones tienen que adaptarse tanto a nivel interno como externo. Ser digital ya no es una opci\u00f3n. Sin embargo, del informe \u201cLa digitalizaci\u00f3n como palanca de [&hellip;]","og_url":"https:\/\/evolutioneurope.eu\/es\/blog\/transformacion-digital-oportunidad-reto\/","og_site_name":"evolution-europe","article_published_time":"2019-08-27T13:01:46+00:00","og_image":[{"width":1200,"height":854,"url":"https:\/\/evolutioneurope.eu\/wp-content\/uploads\/2025\/10\/digital-transformation.jpg","type":"image\/jpeg"}],"author":"developer","twitter_card":"summary_large_image","twitter_misc":{"Written by":"developer","Est. reading time":"3 minutes"},"schema":{"@context":"https:\/\/schema.org","@graph":[{"@type":"Article","@id":"https:\/\/evolutioneurope.eu\/es\/blog\/transformacion-digital-oportunidad-reto\/#article","isPartOf":{"@id":"https:\/\/evolutioneurope.eu\/es\/blog\/transformacion-digital-oportunidad-reto\/"},"author":{"name":"developer","@id":"https:\/\/evolutioneurope.eu\/es\/#\/schema\/person\/b67d6c1466b28465ad3ac3496ae3f15a"},"headline":"Transformaci\u00f3n digital: oportunidad y reto","datePublished":"2019-08-27T13:01:46+00:00","mainEntityOfPage":{"@id":"https:\/\/evolutioneurope.eu\/es\/blog\/transformacion-digital-oportunidad-reto\/"},"wordCount":605,"publisher":{"@id":"https:\/\/evolutioneurope.eu\/es\/#organization"},"image":{"@id":"https:\/\/evolutioneurope.eu\/es\/blog\/transformacion-digital-oportunidad-reto\/#primaryimage"},"thumbnailUrl":"https:\/\/evolutioneurope.eu\/wp-content\/uploads\/2025\/10\/digital-transformation.jpg","articleSection":["Nosotros"],"inLanguage":"es"},{"@type":"WebPage","@id":"https:\/\/evolutioneurope.eu\/es\/blog\/transformacion-digital-oportunidad-reto\/","url":"https:\/\/evolutioneurope.eu\/es\/blog\/transformacion-digital-oportunidad-reto\/","name":"Transformaci\u00f3n digital: oportunidad y reto - evolution-europe","isPartOf":{"@id":"https:\/\/evolutioneurope.eu\/es\/#website"},"primaryImageOfPage":{"@id":"https:\/\/evolutioneurope.eu\/es\/blog\/transformacion-digital-oportunidad-reto\/#primaryimage"},"image":{"@id":"https:\/\/evolutioneurope.eu\/es\/blog\/transformacion-digital-oportunidad-reto\/#primaryimage"},"thumbnailUrl":"https:\/\/evolutioneurope.eu\/wp-content\/uploads\/2025\/10\/digital-transformation.jpg","datePublished":"2019-08-27T13:01:46+00:00","breadcrumb":{"@id":"https:\/\/evolutioneurope.eu\/es\/blog\/transformacion-digital-oportunidad-reto\/#breadcrumb"},"inLanguage":"es","potentialAction":[{"@type":"ReadAction","target":["https:\/\/evolutioneurope.eu\/es\/blog\/transformacion-digital-oportunidad-reto\/"]}]},{"@type":"ImageObject","inLanguage":"es","@id":"https:\/\/evolutioneurope.eu\/es\/blog\/transformacion-digital-oportunidad-reto\/#primaryimage","url":"https:\/\/evolutioneurope.eu\/wp-content\/uploads\/2025\/10\/digital-transformation.jpg","contentUrl":"https:\/\/evolutioneurope.eu\/wp-content\/uploads\/2025\/10\/digital-transformation.jpg","width":1200,"height":854},{"@type":"BreadcrumbList","@id":"https:\/\/evolutioneurope.eu\/es\/blog\/transformacion-digital-oportunidad-reto\/#breadcrumb","itemListElement":[{"@type":"ListItem","position":1,"name":"Home","item":"https:\/\/evolutioneurope.eu\/es\/"},{"@type":"ListItem","position":2,"name":"Transformaci\u00f3n digital: oportunidad y reto"}]},{"@type":"WebSite","@id":"https:\/\/evolutioneurope.eu\/es\/#website","url":"https:\/\/evolutioneurope.eu\/es\/","name":"evolution-europe","description":"","publisher":{"@id":"https:\/\/evolutioneurope.eu\/es\/#organization"},"potentialAction":[{"@type":"SearchAction","target":{"@type":"EntryPoint","urlTemplate":"https:\/\/evolutioneurope.eu\/es\/?s={search_term_string}"},"query-input":{"@type":"PropertyValueSpecification","valueRequired":true,"valueName":"search_term_string"}}],"inLanguage":"es"},{"@type":"Organization","@id":"https:\/\/evolutioneurope.eu\/es\/#organization","name":"Evolution Europe","url":"https:\/\/evolutioneurope.eu\/es\/","logo":{"@type":"ImageObject","inLanguage":"es","@id":"https:\/\/evolutioneurope.eu\/es\/#\/schema\/logo\/image\/","url":"https:\/\/evolutioneurope.eu\/wp-content\/uploads\/2026\/04\/social-share-image-2000x1600-1.jpg","contentUrl":"https:\/\/evolutioneurope.eu\/wp-content\/uploads\/2026\/04\/social-share-image-2000x1600-1.jpg","width":2000,"height":1600,"caption":"Evolution Europe"},"image":{"@id":"https:\/\/evolutioneurope.eu\/es\/#\/schema\/logo\/image\/"}},{"@type":"Person","@id":"https:\/\/evolutioneurope.eu\/es\/#\/schema\/person\/b67d6c1466b28465ad3ac3496ae3f15a","name":"developer","image":{"@type":"ImageObject","inLanguage":"es","@id":"https:\/\/secure.gravatar.com\/avatar\/87924606b4131a8aceeeae8868531fbb9712aaa07a5d3a756b26ce0f5d6ca674?s=96&d=mm&r=g","url":"https:\/\/secure.gravatar.com\/avatar\/87924606b4131a8aceeeae8868531fbb9712aaa07a5d3a756b26ce0f5d6ca674?s=96&d=mm&r=g","contentUrl":"https:\/\/secure.gravatar.com\/avatar\/87924606b4131a8aceeeae8868531fbb9712aaa07a5d3a756b26ce0f5d6ca674?s=96&d=mm&r=g","caption":"developer"}}]}},"_links":{"self":[{"href":"https:\/\/evolutioneurope.eu\/es\/wp-json\/wp\/v2\/posts\/4764","targetHints":{"allow":["GET"]}}],"collection":[{"href":"https:\/\/evolutioneurope.eu\/es\/wp-json\/wp\/v2\/posts"}],"about":[{"href":"https:\/\/evolutioneurope.eu\/es\/wp-json\/wp\/v2\/types\/post"}],"author":[{"embeddable":true,"href":"https:\/\/evolutioneurope.eu\/es\/wp-json\/wp\/v2\/users\/8"}],"replies":[{"embeddable":true,"href":"https:\/\/evolutioneurope.eu\/es\/wp-json\/wp\/v2\/comments?post=4764"}],"version-history":[{"count":0,"href":"https:\/\/evolutioneurope.eu\/es\/wp-json\/wp\/v2\/posts\/4764\/revisions"}],"wp:featuredmedia":[{"embeddable":true,"href":"https:\/\/evolutioneurope.eu\/es\/wp-json\/wp\/v2\/media\/2913"}],"wp:attachment":[{"href":"https:\/\/evolutioneurope.eu\/es\/wp-json\/wp\/v2\/media?parent=4764"}],"wp:term":[{"taxonomy":"category","embeddable":true,"href":"https:\/\/evolutioneurope.eu\/es\/wp-json\/wp\/v2\/categories?post=4764"},{"taxonomy":"post_tag","embeddable":true,"href":"https:\/\/evolutioneurope.eu\/es\/wp-json\/wp\/v2\/tags?post=4764"}],"curies":[{"name":"wp","href":"https:\/\/api.w.org\/{rel}","templated":true}]}}